{"id":617,"date":"2025-12-03T10:36:03","date_gmt":"2025-12-03T12:36:03","guid":{"rendered":"https:\/\/genexbrasil.com.br\/blog\/?p=617"},"modified":"2025-12-12T08:55:07","modified_gmt":"2025-12-12T10:55:07","slug":"genex-anuncia-transicao-na-lideranca-no-brasil","status":"publish","type":"post","link":"https:\/\/genexbrasil.com.br\/blog\/genex-anuncia-transicao-na-lideranca-no-brasil\/","title":{"rendered":"GENEX anuncia transi\u00e7\u00e3o na lideran\u00e7a no Brasil"},"content":{"rendered":"<p>Em novo momento estrat\u00e9gico, a GENEX Brasil anuncia a transi\u00e7\u00e3o na lideran\u00e7a de sua opera\u00e7\u00e3o no Brasil. Ap\u00f3s 15 anos de contribui\u00e7\u00e3o decisiva para o crescimento da empresa, S\u00e9rgio Saud encerra seu ciclo como diretor comercial, deixando um legado marcado por expans\u00e3o, inova\u00e7\u00e3o e forte conex\u00e3o com o produtor rural.<\/p>\n<p>Durante a gest\u00e3o de Saud, a GENEX ampliou presen\u00e7a em todo o territ\u00f3rio nacional, fortaleceu a equipe t\u00e9cnico-comercial, impulsionando projetos inovadores e consolidando a marca como refer\u00eancia em gen\u00e9tica, produtividade e rentabilidade no campo.<\/p>\n<p>Em um momento de reestrutura\u00e7\u00e3o organizacional e fortalecimento da governan\u00e7a dentro do grupo URUS, a opera\u00e7\u00e3o da GENEX no Brasil passa a ser conduzida por um Comit\u00ea Gestor Interino, composto por profissionais de ampla experi\u00eancia no mercado e profundo conhecimento do neg\u00f3cio:<\/p>\n<ul>\n<li>Guilherme Van der Laan \u2013 Gerente Comercial GENEX<\/li>\n<li>Mariana Sayeg \u2013 Gerente de Leite GENEX<\/li>\n<li>F\u00e1bio Frigoni \u2013 Gerente de Corte GENEX<\/li>\n<li>Gustavo Freitas \u2013 Gerente de Programas e Relacionamentos GENEX<\/li>\n<li>Camilla Lazak \u2013 Diretora de Marketing URUS LATAM<\/li>\n<li>Heverardo Carvalho \u2013 Diretor Comercial URUS Brasil<\/li>\n<\/ul>\n<p>A lideran\u00e7a deste comit\u00ea ficar\u00e1 a cargo de Guilherme Gallerani, atual Gerente de Mercado da GENEX, profissional com s\u00f3lida trajet\u00f3ria na empresa, tendo atuado tanto no Brasil quanto na \u00e1rea de Marketing Internacional da GENEX Cooperative.<\/p>\n<p>Com essa estrutura interina, a GENEX reafirma seu compromisso com o produtor e segue atuando para oferecer gen\u00e9tica de alto desempenho, consultoria t\u00e9cnica de excel\u00eancia e solu\u00e7\u00f5es inovadoras para a pecu\u00e1ria brasileira.<\/p>\n<p>Presente em todo o pa\u00eds e com Central de Coleta em Uberaba (MG), a GENEX \u00e9 refer\u00eancia global em melhoramento gen\u00e9tico bovino. A empresa integra o ecossistema URUS, holding internacional que re\u00fane algumas das maiores e mais avan\u00e7adas companhias de gen\u00e9tica, gest\u00e3o e reprodu\u00e7\u00e3o bovina do mundo.<\/p>\n","protected":false},"excerpt":{"rendered":"<p>Em novo momento estrat\u00e9gico, a GENEX Brasil anuncia a transi\u00e7\u00e3o na lideran\u00e7a de sua opera\u00e7\u00e3o no Brasil. Ap\u00f3s 15 anos de contribui\u00e7\u00e3o decisiva para o crescimento da empresa, S\u00e9rgio Saud encerra seu ciclo como diretor comercial, deixando um legado marcado por expans\u00e3o, inova\u00e7\u00e3o e forte conex\u00e3o com o produtor rural. Durante a gest\u00e3o de Saud, [&hellip;]<\/p>\n","protected":false},"author":3,"featured_media":623,"comment_status":"open","ping_status":"open","sticky":false,"template":"","format":"standard","meta":{"inline_featured_image":false,"footnotes":""},"categories":[5],"tags":[],"yoast_head":"<!-- This site is optimized with the Yoast SEO plugin v19.2 - https:\/\/yoast.com\/wordpress\/plugins\/seo\/ -->\r\n<title>GENEX anuncia transi\u00e7\u00e3o na lideran\u00e7a no Brasil - Genex Brasil - Blog<\/title>\r\n<meta name=\"robots\" content=\"index, follow, max-snippet:-1, max-image-preview:large, max-video-preview:-1\" \/>\r\n<link rel=\"canonical\" href=\"https:\/\/genexbrasil.com.br\/blog\/genex-anuncia-transicao-na-lideranca-no-brasil\/\" \/>\r\n<meta property=\"og:locale\" content=\"pt_BR\" \/>\r\n<meta property=\"og:type\" content=\"article\" \/>\r\n<meta property=\"og:title\" content=\"GENEX anuncia transi\u00e7\u00e3o na lideran\u00e7a no Brasil - Genex Brasil - Blog\" \/>\r\n<meta property=\"og:description\" content=\"Em novo momento estrat\u00e9gico, a GENEX Brasil anuncia a transi\u00e7\u00e3o na lideran\u00e7a de sua opera\u00e7\u00e3o no Brasil. Ap\u00f3s 15 anos de contribui\u00e7\u00e3o decisiva para o crescimento da empresa, S\u00e9rgio Saud encerra seu ciclo como diretor comercial, deixando um legado marcado por expans\u00e3o, inova\u00e7\u00e3o e forte conex\u00e3o com o produtor rural. Durante a gest\u00e3o de Saud, [&hellip;]\" \/>\r\n<meta property=\"og:url\" content=\"https:\/\/genexbrasil.com.br\/blog\/genex-anuncia-transicao-na-lideranca-no-brasil\/\" \/>\r\n<meta property=\"og:site_name\" content=\"Genex Brasil - Blog\" \/>\r\n<meta property=\"article:publisher\" content=\"https:\/\/www.facebook.com\/GENEXBrasil\" \/>\r\n<meta property=\"article:published_time\" content=\"2025-12-03T12:36:03+00:00\" \/>\r\n<meta property=\"article:modified_time\" content=\"2025-12-12T10:55:07+00:00\" \/>\r\n<meta property=\"og:image\" content=\"https:\/\/genexbrasil.com.br\/blog\/wp-content\/uploads\/2025\/12\/Gallerani_capa_GENEX.jpg\" \/>\r\n\t<meta property=\"og:image:width\" content=\"800\" \/>\r\n\t<meta property=\"og:image:height\" content=\"572\" \/>\r\n\t<meta property=\"og:image:type\" content=\"image\/jpeg\" \/>\r\n<meta name=\"author\" content=\"Genex Brasil\" \/>\r\n<meta name=\"twitter:card\" content=\"summary_large_image\" \/>\r\n<meta name=\"twitter:label1\" content=\"Escrito por\" \/>\n\t<meta name=\"twitter:data1\" content=\"Genex Brasil\" \/>\n\t<meta name=\"twitter:label2\" content=\"Est. tempo de leitura\" \/>\n\t<meta name=\"twitter:data2\" content=\"2 minutos\" \/>\r\n<script type=\"application\/ld+json\" class=\"yoast-schema-graph\">{\"@context\":\"https:\/\/schema.org\",\"@graph\":[{\"@type\":\"Organization\",\"@id\":\"https:\/\/genexbrasil.com.br\/blog\/#organization\",\"name\":\"Genex Brasil\",\"url\":\"https:\/\/genexbrasil.com.br\/blog\/\",\"sameAs\":[\"https:\/\/www.youtube.com\/c\/GENEXBrasil\",\"https:\/\/www.instagram.com\/genexbrasil\",\"https:\/\/www.linkedin.com\/company\/genexbrasil\",\"https:\/\/www.facebook.com\/GENEXBrasil\"],\"logo\":{\"@type\":\"ImageObject\",\"inLanguage\":\"pt-BR\",\"@id\":\"https:\/\/genexbrasil.com.br\/blog\/#\/schema\/logo\/image\/\",\"url\":\"http:\/\/genex.novasingular.com.br\/blog\/wp-content\/uploads\/2022\/07\/Logo-Genex-em-vetor.svg\",\"contentUrl\":\"http:\/\/genex.novasingular.com.br\/blog\/wp-content\/uploads\/2022\/07\/Logo-Genex-em-vetor.svg\",\"width\":286,\"height\":60,\"caption\":\"Genex Brasil\"},\"image\":{\"@id\":\"https:\/\/genexbrasil.com.br\/blog\/#\/schema\/logo\/image\/\"}},{\"@type\":\"WebSite\",\"@id\":\"https:\/\/genexbrasil.com.br\/blog\/#website\",\"url\":\"https:\/\/genexbrasil.com.br\/blog\/\",\"name\":\"Genex Brasil - Blog\",\"description\":\"A melhor gen\u00e9tica para o futuro do seu rebanho\",\"publisher\":{\"@id\":\"https:\/\/genexbrasil.com.br\/blog\/#organization\"},\"potentialAction\":[{\"@type\":\"SearchAction\",\"target\":{\"@type\":\"EntryPoint\",\"urlTemplate\":\"https:\/\/genexbrasil.com.br\/blog\/?s={search_term_string}\"},\"query-input\":\"required name=search_term_string\"}],\"inLanguage\":\"pt-BR\"},{\"@type\":\"ImageObject\",\"inLanguage\":\"pt-BR\",\"@id\":\"https:\/\/genexbrasil.com.br\/blog\/genex-anuncia-transicao-na-lideranca-no-brasil\/#primaryimage\",\"url\":\"https:\/\/genexbrasil.com.br\/blog\/wp-content\/uploads\/2025\/12\/Gallerani_capa_GENEX.jpg\",\"contentUrl\":\"https:\/\/genexbrasil.com.br\/blog\/wp-content\/uploads\/2025\/12\/Gallerani_capa_GENEX.jpg\",\"width\":800,\"height\":572,\"caption\":\"A lideran\u00e7a deste comit\u00ea ficar\u00e1 a cargo de Guilherme Gallerani, atual Gerente de Mercado da GENEX, profissional com s\u00f3lida trajet\u00f3ria na empresa\"},{\"@type\":\"WebPage\",\"@id\":\"https:\/\/genexbrasil.com.br\/blog\/genex-anuncia-transicao-na-lideranca-no-brasil\/#webpage\",\"url\":\"https:\/\/genexbrasil.com.br\/blog\/genex-anuncia-transicao-na-lideranca-no-brasil\/\",\"name\":\"GENEX anuncia transi\u00e7\u00e3o na lideran\u00e7a no Brasil - Genex Brasil - Blog\",\"isPartOf\":{\"@id\":\"https:\/\/genexbrasil.com.br\/blog\/#website\"},\"primaryImageOfPage\":{\"@id\":\"https:\/\/genexbrasil.com.br\/blog\/genex-anuncia-transicao-na-lideranca-no-brasil\/#primaryimage\"},\"datePublished\":\"2025-12-03T12:36:03+00:00\",\"dateModified\":\"2025-12-12T10:55:07+00:00\",\"breadcrumb\":{\"@id\":\"https:\/\/genexbrasil.com.br\/blog\/genex-anuncia-transicao-na-lideranca-no-brasil\/#breadcrumb\"},\"inLanguage\":\"pt-BR\",\"potentialAction\":[{\"@type\":\"ReadAction\",\"target\":[\"https:\/\/genexbrasil.com.br\/blog\/genex-anuncia-transicao-na-lideranca-no-brasil\/\"]}]},{\"@type\":\"BreadcrumbList\",\"@id\":\"https:\/\/genexbrasil.com.br\/blog\/genex-anuncia-transicao-na-lideranca-no-brasil\/#breadcrumb\",\"itemListElement\":[{\"@type\":\"ListItem\",\"position\":1,\"name\":\"In\u00edcio\",\"item\":\"https:\/\/genexbrasil.com.br\/blog\/\"},{\"@type\":\"ListItem\",\"position\":2,\"name\":\"GENEX anuncia transi\u00e7\u00e3o na lideran\u00e7a no Brasil\"}]},{\"@type\":\"Article\",\"@id\":\"https:\/\/genexbrasil.com.br\/blog\/genex-anuncia-transicao-na-lideranca-no-brasil\/#article\",\"isPartOf\":{\"@id\":\"https:\/\/genexbrasil.com.br\/blog\/genex-anuncia-transicao-na-lideranca-no-brasil\/#webpage\"},\"author\":{\"name\":\"Genex Brasil\",\"@id\":\"https:\/\/genexbrasil.com.br\/blog\/#\/schema\/person\/61c64d50ce4bc2af697920be39efd0d9\"},\"headline\":\"GENEX anuncia transi\u00e7\u00e3o na lideran\u00e7a no Brasil\",\"datePublished\":\"2025-12-03T12:36:03+00:00\",\"dateModified\":\"2025-12-12T10:55:07+00:00\",\"mainEntityOfPage\":{\"@id\":\"https:\/\/genexbrasil.com.br\/blog\/genex-anuncia-transicao-na-lideranca-no-brasil\/#webpage\"},\"wordCount\":337,\"commentCount\":0,\"publisher\":{\"@id\":\"https:\/\/genexbrasil.com.br\/blog\/#organization\"},\"image\":{\"@id\":\"https:\/\/genexbrasil.com.br\/blog\/genex-anuncia-transicao-na-lideranca-no-brasil\/#primaryimage\"},\"thumbnailUrl\":\"https:\/\/genexbrasil.com.br\/blog\/wp-content\/uploads\/2025\/12\/Gallerani_capa_GENEX.jpg\",\"articleSection\":[\"Not\u00edcias\"],\"inLanguage\":\"pt-BR\",\"potentialAction\":[{\"@type\":\"CommentAction\",\"name\":\"Comment\",\"target\":[\"https:\/\/genexbrasil.com.br\/blog\/genex-anuncia-transicao-na-lideranca-no-brasil\/#respond\"]}]},{\"@type\":\"Person\",\"@id\":\"https:\/\/genexbrasil.com.br\/blog\/#\/schema\/person\/61c64d50ce4bc2af697920be39efd0d9\",\"name\":\"Genex Brasil\",\"image\":{\"@type\":\"ImageObject\",\"inLanguage\":\"pt-BR\",\"@id\":\"https:\/\/genexbrasil.com.br\/blog\/#\/schema\/person\/image\/\",\"url\":\"https:\/\/genexbrasil.com.br\/blog\/wp-content\/uploads\/2022\/07\/genex-avatar-96x96.png\",\"contentUrl\":\"https:\/\/genexbrasil.com.br\/blog\/wp-content\/uploads\/2022\/07\/genex-avatar-96x96.png\",\"caption\":\"Genex Brasil\"},\"url\":\"https:\/\/genexbrasil.com.br\/blog\/author\/genex-brasil\/\"}]}<\/script>\r\n<!-- \/ Yoast SEO plugin. -->","yoast_head_json":{"title":"GENEX anuncia transi\u00e7\u00e3o na lideran\u00e7a no Brasil - Genex Brasil - Blog","robots":{"index":"index","follow":"follow","max-snippet":"max-snippet:-1","max-image-preview":"max-image-preview:large","max-video-preview":"max-video-preview:-1"},"canonical":"https:\/\/genexbrasil.com.br\/blog\/genex-anuncia-transicao-na-lideranca-no-brasil\/","og_locale":"pt_BR","og_type":"article","og_title":"GENEX anuncia transi\u00e7\u00e3o na lideran\u00e7a no Brasil - Genex Brasil - Blog","og_description":"Em novo momento estrat\u00e9gico, a GENEX Brasil anuncia a transi\u00e7\u00e3o na lideran\u00e7a de sua opera\u00e7\u00e3o no Brasil. Ap\u00f3s 15 anos de contribui\u00e7\u00e3o decisiva para o crescimento da empresa, S\u00e9rgio Saud encerra seu ciclo como diretor comercial, deixando um legado marcado por expans\u00e3o, inova\u00e7\u00e3o e forte conex\u00e3o com o produtor rural. Durante a gest\u00e3o de Saud, [&hellip;]","og_url":"https:\/\/genexbrasil.com.br\/blog\/genex-anuncia-transicao-na-lideranca-no-brasil\/","og_site_name":"Genex Brasil - Blog","article_publisher":"https:\/\/www.facebook.com\/GENEXBrasil","article_published_time":"2025-12-03T12:36:03+00:00","article_modified_time":"2025-12-12T10:55:07+00:00","og_image":[{"width":800,"height":572,"url":"https:\/\/genexbrasil.com.br\/blog\/wp-content\/uploads\/2025\/12\/Gallerani_capa_GENEX.jpg","type":"image\/jpeg"}],"author":"Genex Brasil","twitter_card":"summary_large_image","twitter_misc":{"Escrito por":"Genex Brasil","Est. tempo de leitura":"2 minutos"},"schema":{"@context":"https:\/\/schema.org","@graph":[{"@type":"Organization","@id":"https:\/\/genexbrasil.com.br\/blog\/#organization","name":"Genex Brasil","url":"https:\/\/genexbrasil.com.br\/blog\/","sameAs":["https:\/\/www.youtube.com\/c\/GENEXBrasil","https:\/\/www.instagram.com\/genexbrasil","https:\/\/www.linkedin.com\/company\/genexbrasil","https:\/\/www.facebook.com\/GENEXBrasil"],"logo":{"@type":"ImageObject","inLanguage":"pt-BR","@id":"https:\/\/genexbrasil.com.br\/blog\/#\/schema\/logo\/image\/","url":"http:\/\/genex.novasingular.com.br\/blog\/wp-content\/uploads\/2022\/07\/Logo-Genex-em-vetor.svg","contentUrl":"http:\/\/genex.novasingular.com.br\/blog\/wp-content\/uploads\/2022\/07\/Logo-Genex-em-vetor.svg","width":286,"height":60,"caption":"Genex Brasil"},"image":{"@id":"https:\/\/genexbrasil.com.br\/blog\/#\/schema\/logo\/image\/"}},{"@type":"WebSite","@id":"https:\/\/genexbrasil.com.br\/blog\/#website","url":"https:\/\/genexbrasil.com.br\/blog\/","name":"Genex Brasil - Blog","description":"A melhor gen\u00e9tica para o futuro do seu rebanho","publisher":{"@id":"https:\/\/genexbrasil.com.br\/blog\/#organization"},"potentialAction":[{"@type":"SearchAction","target":{"@type":"EntryPoint","urlTemplate":"https:\/\/genexbrasil.com.br\/blog\/?s={search_term_string}"},"query-input":"required name=search_term_string"}],"inLanguage":"pt-BR"},{"@type":"ImageObject","inLanguage":"pt-BR","@id":"https:\/\/genexbrasil.com.br\/blog\/genex-anuncia-transicao-na-lideranca-no-brasil\/#primaryimage","url":"https:\/\/genexbrasil.com.br\/blog\/wp-content\/uploads\/2025\/12\/Gallerani_capa_GENEX.jpg","contentUrl":"https:\/\/genexbrasil.com.br\/blog\/wp-content\/uploads\/2025\/12\/Gallerani_capa_GENEX.jpg","width":800,"height":572,"caption":"A lideran\u00e7a deste comit\u00ea ficar\u00e1 a cargo de Guilherme Gallerani, atual Gerente de Mercado da GENEX, profissional com s\u00f3lida trajet\u00f3ria na empresa"},{"@type":"WebPage","@id":"https:\/\/genexbrasil.com.br\/blog\/genex-anuncia-transicao-na-lideranca-no-brasil\/#webpage","url":"https:\/\/genexbrasil.com.br\/blog\/genex-anuncia-transicao-na-lideranca-no-brasil\/","name":"GENEX anuncia transi\u00e7\u00e3o na lideran\u00e7a no Brasil - Genex Brasil - Blog","isPartOf":{"@id":"https:\/\/genexbrasil.com.br\/blog\/#website"},"primaryImageOfPage":{"@id":"https:\/\/genexbrasil.com.br\/blog\/genex-anuncia-transicao-na-lideranca-no-brasil\/#primaryimage"},"datePublished":"2025-12-03T12:36:03+00:00","dateModified":"2025-12-12T10:55:07+00:00","breadcrumb":{"@id":"https:\/\/genexbrasil.com.br\/blog\/genex-anuncia-transicao-na-lideranca-no-brasil\/#breadcrumb"},"inLanguage":"pt-BR","potentialAction":[{"@type":"ReadAction","target":["https:\/\/genexbrasil.com.br\/blog\/genex-anuncia-transicao-na-lideranca-no-brasil\/"]}]},{"@type":"BreadcrumbList","@id":"https:\/\/genexbrasil.com.br\/blog\/genex-anuncia-transicao-na-lideranca-no-brasil\/#breadcrumb","itemListElement":[{"@type":"ListItem","position":1,"name":"In\u00edcio","item":"https:\/\/genexbrasil.com.br\/blog\/"},{"@type":"ListItem","position":2,"name":"GENEX anuncia transi\u00e7\u00e3o na lideran\u00e7a no Brasil"}]},{"@type":"Article","@id":"https:\/\/genexbrasil.com.br\/blog\/genex-anuncia-transicao-na-lideranca-no-brasil\/#article","isPartOf":{"@id":"https:\/\/genexbrasil.com.br\/blog\/genex-anuncia-transicao-na-lideranca-no-brasil\/#webpage"},"author":{"name":"Genex Brasil","@id":"https:\/\/genexbrasil.com.br\/blog\/#\/schema\/person\/61c64d50ce4bc2af697920be39efd0d9"},"headline":"GENEX anuncia transi\u00e7\u00e3o na lideran\u00e7a no Brasil","datePublished":"2025-12-03T12:36:03+00:00","dateModified":"2025-12-12T10:55:07+00:00","mainEntityOfPage":{"@id":"https:\/\/genexbrasil.com.br\/blog\/genex-anuncia-transicao-na-lideranca-no-brasil\/#webpage"},"wordCount":337,"commentCount":0,"publisher":{"@id":"https:\/\/genexbrasil.com.br\/blog\/#organization"},"image":{"@id":"https:\/\/genexbrasil.com.br\/blog\/genex-anuncia-transicao-na-lideranca-no-brasil\/#primaryimage"},"thumbnailUrl":"https:\/\/genexbrasil.com.br\/blog\/wp-content\/uploads\/2025\/12\/Gallerani_capa_GENEX.jpg","articleSection":["Not\u00edcias"],"inLanguage":"pt-BR","potentialAction":[{"@type":"CommentAction","name":"Comment","target":["https:\/\/genexbrasil.com.br\/blog\/genex-anuncia-transicao-na-lideranca-no-brasil\/#respond"]}]},{"@type":"Person","@id":"https:\/\/genexbrasil.com.br\/blog\/#\/schema\/person\/61c64d50ce4bc2af697920be39efd0d9","name":"Genex Brasil","image":{"@type":"ImageObject","inLanguage":"pt-BR","@id":"https:\/\/genexbrasil.com.br\/blog\/#\/schema\/person\/image\/","url":"https:\/\/genexbrasil.com.br\/blog\/wp-content\/uploads\/2022\/07\/genex-avatar-96x96.png","contentUrl":"https:\/\/genexbrasil.com.br\/blog\/wp-content\/uploads\/2022\/07\/genex-avatar-96x96.png","caption":"Genex Brasil"},"url":"https:\/\/genexbrasil.com.br\/blog\/author\/genex-brasil\/"}]}},"_links":{"self":[{"href":"https:\/\/genexbrasil.com.br\/blog\/wp-json\/wp\/v2\/posts\/617"}],"collection":[{"href":"https:\/\/genexbrasil.com.br\/blog\/wp-json\/wp\/v2\/posts"}],"about":[{"href":"https:\/\/genexbrasil.com.br\/blog\/wp-json\/wp\/v2\/types\/post"}],"author":[{"embeddable":true,"href":"https:\/\/genexbrasil.com.br\/blog\/wp-json\/wp\/v2\/users\/3"}],"replies":[{"embeddable":true,"href":"https:\/\/genexbrasil.com.br\/blog\/wp-json\/wp\/v2\/comments?post=617"}],"version-history":[{"count":6,"href":"https:\/\/genexbrasil.com.br\/blog\/wp-json\/wp\/v2\/posts\/617\/revisions"}],"predecessor-version":[{"id":626,"href":"https:\/\/genexbrasil.com.br\/blog\/wp-json\/wp\/v2\/posts\/617\/revisions\/626"}],"wp:featuredmedia":[{"embeddable":true,"href":"https:\/\/genexbrasil.com.br\/blog\/wp-json\/wp\/v2\/media\/623"}],"wp:attachment":[{"href":"https:\/\/genexbrasil.com.br\/blog\/wp-json\/wp\/v2\/media?parent=617"}],"wp:term":[{"taxonomy":"category","embeddable":true,"href":"https:\/\/genexbrasil.com.br\/blog\/wp-json\/wp\/v2\/categories?post=617"},{"taxonomy":"post_tag","embeddable":true,"href":"https:\/\/genexbrasil.com.br\/blog\/wp-json\/wp\/v2\/tags?post=617"}],"curies":[{"name":"wp","href":"https:\/\/api.w.org\/{rel}","templated":true}]}}