{"id":613,"date":"2025-12-03T16:23:52","date_gmt":"2025-12-03T18:23:52","guid":{"rendered":"https:\/\/genexbrasil.com.br\/blog\/?p=613"},"modified":"2025-12-03T16:30:04","modified_gmt":"2025-12-03T18:30:04","slug":"heverardo-carvalho-diretor-comercial-da-urus-brasil-recebe-a-comenda-gilberto-rezende-pela-aciu","status":"publish","type":"post","link":"https:\/\/genexbrasil.com.br\/blog\/heverardo-carvalho-diretor-comercial-da-urus-brasil-recebe-a-comenda-gilberto-rezende-pela-aciu\/","title":{"rendered":"Heverardo Carvalho, diretor comercial da URUS Brasil, recebe a Comenda Gilberto Rezende pela ACIU"},"content":{"rendered":"<p>A Associa\u00e7\u00e3o Comercial, Industrial e de Servi\u00e7os de Uberaba (ACIU) celebrou seus 102 anos de hist\u00f3ria homenageando cinco personalidades que contribuem de forma significativa para o desenvolvimento econ\u00f4mico do munic\u00edpio. Entre os reconhecidos est\u00e1 Heverardo Carvalho, diretor comercial da URUS Brasil, que recebeu a Comenda Gilberto Rezende, uma das principais honrarias concedidas pela entidade.<\/p>\n<p>Institu\u00edda em 2022, a comenda leva o nome do ex-presidente da ACIU e \u00edcone do associativismo uberabense, Gilberto Rezende. Criada com o prop\u00f3sito de celebrar lideran\u00e7as que impulsionam o empreendedorismo e o desenvolvimento regional, a homenagem simboliza valores como inova\u00e7\u00e3o, compromisso e vis\u00e3o estrat\u00e9gica.<\/p>\n<p>Natural do Sul de Minas Gerais, Heverardo Carvalho nasceu e cresceu em uma fazenda, convivendo desde cedo com a produ\u00e7\u00e3o de leite e caf\u00e9. Essas ra\u00edzes rurais moldaram sua rela\u00e7\u00e3o com o campo e influenciaram sua trajet\u00f3ria profissional. Casado, pai de cinco filhos e av\u00f4 de tr\u00eas netos, ele carrega consigo os valores familiares e a forte liga\u00e7\u00e3o com a terra.<\/p>\n<p>Desde junho de 2025, Heverardo atua como diretor comercial da URUS Brasil, bra\u00e7o nacional da holding l\u00edder global em gen\u00e9tica bovina e solu\u00e7\u00f5es para pecu\u00e1ria. Sua lideran\u00e7a tem sido fundamental para a expans\u00e3o da empresa no pa\u00eds, especialmente ap\u00f3s o an\u00fancio oficial da chegada da URUS ao Brasil, acompanhado de um investimento de R$ 10 milh\u00f5es na instala\u00e7\u00e3o de um novo Centro de Distribui\u00e7\u00e3o em Uberaba.<\/p>\n<p>Ao longo de sua carreira, Heverardo consolidou-se como um empreendedor vision\u00e1rio e agente de desenvolvimento regional. Sua atua\u00e7\u00e3o contribuiu para fortalecer a pecu\u00e1ria e posicionar Uberaba como refer\u00eancia internacional em gen\u00e9tica bovina, refor\u00e7ando o protagonismo da cidade no setor.<\/p>\n<p>A Comenda Gilberto Rezende reconhece n\u00e3o apenas a trajet\u00f3ria profissional de Heverardo, mas tamb\u00e9m seu compromisso com a inova\u00e7\u00e3o, o desenvolvimento do setor pecu\u00e1rio e o crescimento sustent\u00e1vel da regi\u00e3o. Para a URUS Brasil, a homenagem representa o reconhecimento do impacto positivo que a lideran\u00e7a de Heverardo tem gerado para a empresa, para os produtores e para o futuro da pecu\u00e1ria brasileira.<\/p>\n","protected":false},"excerpt":{"rendered":"<p>A Associa\u00e7\u00e3o Comercial, Industrial e de Servi\u00e7os de Uberaba (ACIU) celebrou seus 102 anos de hist\u00f3ria homenageando cinco personalidades que contribuem de forma significativa para o desenvolvimento econ\u00f4mico do munic\u00edpio. Entre os reconhecidos est\u00e1 Heverardo Carvalho, diretor comercial da URUS Brasil, que recebeu a Comenda Gilberto Rezende, uma das principais honrarias concedidas pela entidade. Institu\u00edda [&hellip;]<\/p>\n","protected":false},"author":3,"featured_media":614,"comment_status":"open","ping_status":"open","sticky":false,"template":"","format":"standard","meta":{"inline_featured_image":false,"footnotes":""},"categories":[5],"tags":[],"yoast_head":"<!-- This site is optimized with the Yoast SEO plugin v19.2 - https:\/\/yoast.com\/wordpress\/plugins\/seo\/ -->\r\n<title>Heverardo Carvalho, diretor comercial da URUS Brasil, recebe a Comenda Gilberto Rezende pela ACIU - Genex Brasil - Blog<\/title>\r\n<meta name=\"robots\" content=\"index, follow, max-snippet:-1, max-image-preview:large, max-video-preview:-1\" \/>\r\n<link rel=\"canonical\" href=\"https:\/\/genexbrasil.com.br\/blog\/heverardo-carvalho-diretor-comercial-da-urus-brasil-recebe-a-comenda-gilberto-rezende-pela-aciu\/\" \/>\r\n<meta property=\"og:locale\" content=\"pt_BR\" \/>\r\n<meta property=\"og:type\" content=\"article\" \/>\r\n<meta property=\"og:title\" content=\"Heverardo Carvalho, diretor comercial da URUS Brasil, recebe a Comenda Gilberto Rezende pela ACIU\" \/>\r\n<meta property=\"og:description\" content=\"A Associa\u00e7\u00e3o Comercial, Industrial e de Servi\u00e7os de Uberaba (ACIU) celebrou seus 102 anos de hist\u00f3ria homenageando cinco personalidades que contribuem de forma significativa para o desenvolvimento econ\u00f4mico do munic\u00edpio. Entre os reconhecidos est\u00e1 Heverardo Carvalho, diretor comercial da URUS Brasil, que recebeu a Comenda Gilberto Rezende, uma das principais honrarias concedidas pela entidade. Institu\u00edda [&hellip;]\" \/>\r\n<meta property=\"og:url\" content=\"https:\/\/genexbrasil.com.br\/blog\/heverardo-carvalho-diretor-comercial-da-urus-brasil-recebe-a-comenda-gilberto-rezende-pela-aciu\/\" \/>\r\n<meta property=\"og:site_name\" content=\"Genex Brasil - Blog\" \/>\r\n<meta property=\"article:publisher\" content=\"https:\/\/www.facebook.com\/GENEXBrasil\" \/>\r\n<meta property=\"article:published_time\" content=\"2025-12-03T18:23:52+00:00\" \/>\r\n<meta property=\"article:modified_time\" content=\"2025-12-03T18:30:04+00:00\" \/>\r\n<meta property=\"og:image\" content=\"https:\/\/genexbrasil.com.br\/blog\/wp-content\/uploads\/2025\/12\/Heverardo-Carvalho-diretor-comercial-da-URUS-Brasil-recebe-Comenda-Gilberto-Rezende-da-ACIU-4.jpeg\" \/>\r\n\t<meta property=\"og:image:width\" content=\"1600\" \/>\r\n\t<meta property=\"og:image:height\" content=\"1068\" \/>\r\n\t<meta property=\"og:image:type\" content=\"image\/jpeg\" \/>\r\n<meta name=\"author\" content=\"Genex Brasil\" \/>\r\n<meta name=\"twitter:card\" content=\"summary_large_image\" \/>\r\n<meta name=\"twitter:label1\" content=\"Escrito por\" \/>\n\t<meta name=\"twitter:data1\" content=\"Genex Brasil\" \/>\n\t<meta name=\"twitter:label2\" content=\"Est. tempo de leitura\" \/>\n\t<meta name=\"twitter:data2\" content=\"2 minutos\" \/>\r\n<script type=\"application\/ld+json\" class=\"yoast-schema-graph\">{\"@context\":\"https:\/\/schema.org\",\"@graph\":[{\"@type\":\"Organization\",\"@id\":\"https:\/\/genexbrasil.com.br\/blog\/#organization\",\"name\":\"Genex Brasil\",\"url\":\"https:\/\/genexbrasil.com.br\/blog\/\",\"sameAs\":[\"https:\/\/www.youtube.com\/c\/GENEXBrasil\",\"https:\/\/www.instagram.com\/genexbrasil\",\"https:\/\/www.linkedin.com\/company\/genexbrasil\",\"https:\/\/www.facebook.com\/GENEXBrasil\"],\"logo\":{\"@type\":\"ImageObject\",\"inLanguage\":\"pt-BR\",\"@id\":\"https:\/\/genexbrasil.com.br\/blog\/#\/schema\/logo\/image\/\",\"url\":\"http:\/\/genex.novasingular.com.br\/blog\/wp-content\/uploads\/2022\/07\/Logo-Genex-em-vetor.svg\",\"contentUrl\":\"http:\/\/genex.novasingular.com.br\/blog\/wp-content\/uploads\/2022\/07\/Logo-Genex-em-vetor.svg\",\"width\":286,\"height\":60,\"caption\":\"Genex Brasil\"},\"image\":{\"@id\":\"https:\/\/genexbrasil.com.br\/blog\/#\/schema\/logo\/image\/\"}},{\"@type\":\"WebSite\",\"@id\":\"https:\/\/genexbrasil.com.br\/blog\/#website\",\"url\":\"https:\/\/genexbrasil.com.br\/blog\/\",\"name\":\"Genex Brasil - Blog\",\"description\":\"A melhor gen\u00e9tica para o futuro do seu rebanho\",\"publisher\":{\"@id\":\"https:\/\/genexbrasil.com.br\/blog\/#organization\"},\"potentialAction\":[{\"@type\":\"SearchAction\",\"target\":{\"@type\":\"EntryPoint\",\"urlTemplate\":\"https:\/\/genexbrasil.com.br\/blog\/?s={search_term_string}\"},\"query-input\":\"required name=search_term_string\"}],\"inLanguage\":\"pt-BR\"},{\"@type\":\"ImageObject\",\"inLanguage\":\"pt-BR\",\"@id\":\"https:\/\/genexbrasil.com.br\/blog\/heverardo-carvalho-diretor-comercial-da-urus-brasil-recebe-a-comenda-gilberto-rezende-pela-aciu\/#primaryimage\",\"url\":\"https:\/\/genexbrasil.com.br\/blog\/wp-content\/uploads\/2025\/12\/Heverardo-Carvalho-diretor-comercial-da-URUS-Brasil-recebe-Comenda-Gilberto-Rezende-da-ACIU-4.jpeg\",\"contentUrl\":\"https:\/\/genexbrasil.com.br\/blog\/wp-content\/uploads\/2025\/12\/Heverardo-Carvalho-diretor-comercial-da-URUS-Brasil-recebe-Comenda-Gilberto-Rezende-da-ACIU-4.jpeg\",\"width\":1600,\"height\":1068},{\"@type\":\"WebPage\",\"@id\":\"https:\/\/genexbrasil.com.br\/blog\/heverardo-carvalho-diretor-comercial-da-urus-brasil-recebe-a-comenda-gilberto-rezende-pela-aciu\/#webpage\",\"url\":\"https:\/\/genexbrasil.com.br\/blog\/heverardo-carvalho-diretor-comercial-da-urus-brasil-recebe-a-comenda-gilberto-rezende-pela-aciu\/\",\"name\":\"Heverardo Carvalho, diretor comercial da URUS Brasil, recebe a Comenda Gilberto Rezende pela ACIU - Genex Brasil - Blog\",\"isPartOf\":{\"@id\":\"https:\/\/genexbrasil.com.br\/blog\/#website\"},\"primaryImageOfPage\":{\"@id\":\"https:\/\/genexbrasil.com.br\/blog\/heverardo-carvalho-diretor-comercial-da-urus-brasil-recebe-a-comenda-gilberto-rezende-pela-aciu\/#primaryimage\"},\"datePublished\":\"2025-12-03T18:23:52+00:00\",\"dateModified\":\"2025-12-03T18:30:04+00:00\",\"breadcrumb\":{\"@id\":\"https:\/\/genexbrasil.com.br\/blog\/heverardo-carvalho-diretor-comercial-da-urus-brasil-recebe-a-comenda-gilberto-rezende-pela-aciu\/#breadcrumb\"},\"inLanguage\":\"pt-BR\",\"potentialAction\":[{\"@type\":\"ReadAction\",\"target\":[\"https:\/\/genexbrasil.com.br\/blog\/heverardo-carvalho-diretor-comercial-da-urus-brasil-recebe-a-comenda-gilberto-rezende-pela-aciu\/\"]}]},{\"@type\":\"BreadcrumbList\",\"@id\":\"https:\/\/genexbrasil.com.br\/blog\/heverardo-carvalho-diretor-comercial-da-urus-brasil-recebe-a-comenda-gilberto-rezende-pela-aciu\/#breadcrumb\",\"itemListElement\":[{\"@type\":\"ListItem\",\"position\":1,\"name\":\"In\u00edcio\",\"item\":\"https:\/\/genexbrasil.com.br\/blog\/\"},{\"@type\":\"ListItem\",\"position\":2,\"name\":\"Heverardo Carvalho, diretor comercial da URUS Brasil, recebe a Comenda Gilberto Rezende pela ACIU\"}]},{\"@type\":\"Article\",\"@id\":\"https:\/\/genexbrasil.com.br\/blog\/heverardo-carvalho-diretor-comercial-da-urus-brasil-recebe-a-comenda-gilberto-rezende-pela-aciu\/#article\",\"isPartOf\":{\"@id\":\"https:\/\/genexbrasil.com.br\/blog\/heverardo-carvalho-diretor-comercial-da-urus-brasil-recebe-a-comenda-gilberto-rezende-pela-aciu\/#webpage\"},\"author\":{\"name\":\"Genex Brasil\",\"@id\":\"https:\/\/genexbrasil.com.br\/blog\/#\/schema\/person\/61c64d50ce4bc2af697920be39efd0d9\"},\"headline\":\"Heverardo Carvalho, diretor comercial da URUS Brasil, recebe a Comenda Gilberto Rezende pela ACIU\",\"datePublished\":\"2025-12-03T18:23:52+00:00\",\"dateModified\":\"2025-12-03T18:30:04+00:00\",\"mainEntityOfPage\":{\"@id\":\"https:\/\/genexbrasil.com.br\/blog\/heverardo-carvalho-diretor-comercial-da-urus-brasil-recebe-a-comenda-gilberto-rezende-pela-aciu\/#webpage\"},\"wordCount\":387,\"commentCount\":0,\"publisher\":{\"@id\":\"https:\/\/genexbrasil.com.br\/blog\/#organization\"},\"image\":{\"@id\":\"https:\/\/genexbrasil.com.br\/blog\/heverardo-carvalho-diretor-comercial-da-urus-brasil-recebe-a-comenda-gilberto-rezende-pela-aciu\/#primaryimage\"},\"thumbnailUrl\":\"https:\/\/genexbrasil.com.br\/blog\/wp-content\/uploads\/2025\/12\/Heverardo-Carvalho-diretor-comercial-da-URUS-Brasil-recebe-Comenda-Gilberto-Rezende-da-ACIU-4.jpeg\",\"articleSection\":[\"Not\u00edcias\"],\"inLanguage\":\"pt-BR\",\"potentialAction\":[{\"@type\":\"CommentAction\",\"name\":\"Comment\",\"target\":[\"https:\/\/genexbrasil.com.br\/blog\/heverardo-carvalho-diretor-comercial-da-urus-brasil-recebe-a-comenda-gilberto-rezende-pela-aciu\/#respond\"]}]},{\"@type\":\"Person\",\"@id\":\"https:\/\/genexbrasil.com.br\/blog\/#\/schema\/person\/61c64d50ce4bc2af697920be39efd0d9\",\"name\":\"Genex Brasil\",\"image\":{\"@type\":\"ImageObject\",\"inLanguage\":\"pt-BR\",\"@id\":\"https:\/\/genexbrasil.com.br\/blog\/#\/schema\/person\/image\/\",\"url\":\"https:\/\/genexbrasil.com.br\/blog\/wp-content\/uploads\/2022\/07\/genex-avatar-96x96.png\",\"contentUrl\":\"https:\/\/genexbrasil.com.br\/blog\/wp-content\/uploads\/2022\/07\/genex-avatar-96x96.png\",\"caption\":\"Genex Brasil\"},\"url\":\"https:\/\/genexbrasil.com.br\/blog\/author\/genex-brasil\/\"}]}<\/script>\r\n<!-- \/ Yoast SEO plugin. -->","yoast_head_json":{"title":"Heverardo Carvalho, diretor comercial da URUS Brasil, recebe a Comenda Gilberto Rezende pela ACIU - Genex Brasil - Blog","robots":{"index":"index","follow":"follow","max-snippet":"max-snippet:-1","max-image-preview":"max-image-preview:large","max-video-preview":"max-video-preview:-1"},"canonical":"https:\/\/genexbrasil.com.br\/blog\/heverardo-carvalho-diretor-comercial-da-urus-brasil-recebe-a-comenda-gilberto-rezende-pela-aciu\/","og_locale":"pt_BR","og_type":"article","og_title":"Heverardo Carvalho, diretor comercial da URUS Brasil, recebe a Comenda Gilberto Rezende pela ACIU","og_description":"A Associa\u00e7\u00e3o Comercial, Industrial e de Servi\u00e7os de Uberaba (ACIU) celebrou seus 102 anos de hist\u00f3ria homenageando cinco personalidades que contribuem de forma significativa para o desenvolvimento econ\u00f4mico do munic\u00edpio. Entre os reconhecidos est\u00e1 Heverardo Carvalho, diretor comercial da URUS Brasil, que recebeu a Comenda Gilberto Rezende, uma das principais honrarias concedidas pela entidade. Institu\u00edda [&hellip;]","og_url":"https:\/\/genexbrasil.com.br\/blog\/heverardo-carvalho-diretor-comercial-da-urus-brasil-recebe-a-comenda-gilberto-rezende-pela-aciu\/","og_site_name":"Genex Brasil - Blog","article_publisher":"https:\/\/www.facebook.com\/GENEXBrasil","article_published_time":"2025-12-03T18:23:52+00:00","article_modified_time":"2025-12-03T18:30:04+00:00","og_image":[{"width":1600,"height":1068,"url":"https:\/\/genexbrasil.com.br\/blog\/wp-content\/uploads\/2025\/12\/Heverardo-Carvalho-diretor-comercial-da-URUS-Brasil-recebe-Comenda-Gilberto-Rezende-da-ACIU-4.jpeg","type":"image\/jpeg"}],"author":"Genex Brasil","twitter_card":"summary_large_image","twitter_misc":{"Escrito por":"Genex Brasil","Est. tempo de leitura":"2 minutos"},"schema":{"@context":"https:\/\/schema.org","@graph":[{"@type":"Organization","@id":"https:\/\/genexbrasil.com.br\/blog\/#organization","name":"Genex Brasil","url":"https:\/\/genexbrasil.com.br\/blog\/","sameAs":["https:\/\/www.youtube.com\/c\/GENEXBrasil","https:\/\/www.instagram.com\/genexbrasil","https:\/\/www.linkedin.com\/company\/genexbrasil","https:\/\/www.facebook.com\/GENEXBrasil"],"logo":{"@type":"ImageObject","inLanguage":"pt-BR","@id":"https:\/\/genexbrasil.com.br\/blog\/#\/schema\/logo\/image\/","url":"http:\/\/genex.novasingular.com.br\/blog\/wp-content\/uploads\/2022\/07\/Logo-Genex-em-vetor.svg","contentUrl":"http:\/\/genex.novasingular.com.br\/blog\/wp-content\/uploads\/2022\/07\/Logo-Genex-em-vetor.svg","width":286,"height":60,"caption":"Genex Brasil"},"image":{"@id":"https:\/\/genexbrasil.com.br\/blog\/#\/schema\/logo\/image\/"}},{"@type":"WebSite","@id":"https:\/\/genexbrasil.com.br\/blog\/#website","url":"https:\/\/genexbrasil.com.br\/blog\/","name":"Genex Brasil - Blog","description":"A melhor gen\u00e9tica para o futuro do seu rebanho","publisher":{"@id":"https:\/\/genexbrasil.com.br\/blog\/#organization"},"potentialAction":[{"@type":"SearchAction","target":{"@type":"EntryPoint","urlTemplate":"https:\/\/genexbrasil.com.br\/blog\/?s={search_term_string}"},"query-input":"required name=search_term_string"}],"inLanguage":"pt-BR"},{"@type":"ImageObject","inLanguage":"pt-BR","@id":"https:\/\/genexbrasil.com.br\/blog\/heverardo-carvalho-diretor-comercial-da-urus-brasil-recebe-a-comenda-gilberto-rezende-pela-aciu\/#primaryimage","url":"https:\/\/genexbrasil.com.br\/blog\/wp-content\/uploads\/2025\/12\/Heverardo-Carvalho-diretor-comercial-da-URUS-Brasil-recebe-Comenda-Gilberto-Rezende-da-ACIU-4.jpeg","contentUrl":"https:\/\/genexbrasil.com.br\/blog\/wp-content\/uploads\/2025\/12\/Heverardo-Carvalho-diretor-comercial-da-URUS-Brasil-recebe-Comenda-Gilberto-Rezende-da-ACIU-4.jpeg","width":1600,"height":1068},{"@type":"WebPage","@id":"https:\/\/genexbrasil.com.br\/blog\/heverardo-carvalho-diretor-comercial-da-urus-brasil-recebe-a-comenda-gilberto-rezende-pela-aciu\/#webpage","url":"https:\/\/genexbrasil.com.br\/blog\/heverardo-carvalho-diretor-comercial-da-urus-brasil-recebe-a-comenda-gilberto-rezende-pela-aciu\/","name":"Heverardo Carvalho, diretor comercial da URUS Brasil, recebe a Comenda Gilberto Rezende pela ACIU - Genex Brasil - Blog","isPartOf":{"@id":"https:\/\/genexbrasil.com.br\/blog\/#website"},"primaryImageOfPage":{"@id":"https:\/\/genexbrasil.com.br\/blog\/heverardo-carvalho-diretor-comercial-da-urus-brasil-recebe-a-comenda-gilberto-rezende-pela-aciu\/#primaryimage"},"datePublished":"2025-12-03T18:23:52+00:00","dateModified":"2025-12-03T18:30:04+00:00","breadcrumb":{"@id":"https:\/\/genexbrasil.com.br\/blog\/heverardo-carvalho-diretor-comercial-da-urus-brasil-recebe-a-comenda-gilberto-rezende-pela-aciu\/#breadcrumb"},"inLanguage":"pt-BR","potentialAction":[{"@type":"ReadAction","target":["https:\/\/genexbrasil.com.br\/blog\/heverardo-carvalho-diretor-comercial-da-urus-brasil-recebe-a-comenda-gilberto-rezende-pela-aciu\/"]}]},{"@type":"BreadcrumbList","@id":"https:\/\/genexbrasil.com.br\/blog\/heverardo-carvalho-diretor-comercial-da-urus-brasil-recebe-a-comenda-gilberto-rezende-pela-aciu\/#breadcrumb","itemListElement":[{"@type":"ListItem","position":1,"name":"In\u00edcio","item":"https:\/\/genexbrasil.com.br\/blog\/"},{"@type":"ListItem","position":2,"name":"Heverardo Carvalho, diretor comercial da URUS Brasil, recebe a Comenda Gilberto Rezende pela ACIU"}]},{"@type":"Article","@id":"https:\/\/genexbrasil.com.br\/blog\/heverardo-carvalho-diretor-comercial-da-urus-brasil-recebe-a-comenda-gilberto-rezende-pela-aciu\/#article","isPartOf":{"@id":"https:\/\/genexbrasil.com.br\/blog\/heverardo-carvalho-diretor-comercial-da-urus-brasil-recebe-a-comenda-gilberto-rezende-pela-aciu\/#webpage"},"author":{"name":"Genex Brasil","@id":"https:\/\/genexbrasil.com.br\/blog\/#\/schema\/person\/61c64d50ce4bc2af697920be39efd0d9"},"headline":"Heverardo Carvalho, diretor comercial da URUS Brasil, recebe a Comenda Gilberto Rezende pela ACIU","datePublished":"2025-12-03T18:23:52+00:00","dateModified":"2025-12-03T18:30:04+00:00","mainEntityOfPage":{"@id":"https:\/\/genexbrasil.com.br\/blog\/heverardo-carvalho-diretor-comercial-da-urus-brasil-recebe-a-comenda-gilberto-rezende-pela-aciu\/#webpage"},"wordCount":387,"commentCount":0,"publisher":{"@id":"https:\/\/genexbrasil.com.br\/blog\/#organization"},"image":{"@id":"https:\/\/genexbrasil.com.br\/blog\/heverardo-carvalho-diretor-comercial-da-urus-brasil-recebe-a-comenda-gilberto-rezende-pela-aciu\/#primaryimage"},"thumbnailUrl":"https:\/\/genexbrasil.com.br\/blog\/wp-content\/uploads\/2025\/12\/Heverardo-Carvalho-diretor-comercial-da-URUS-Brasil-recebe-Comenda-Gilberto-Rezende-da-ACIU-4.jpeg","articleSection":["Not\u00edcias"],"inLanguage":"pt-BR","potentialAction":[{"@type":"CommentAction","name":"Comment","target":["https:\/\/genexbrasil.com.br\/blog\/heverardo-carvalho-diretor-comercial-da-urus-brasil-recebe-a-comenda-gilberto-rezende-pela-aciu\/#respond"]}]},{"@type":"Person","@id":"https:\/\/genexbrasil.com.br\/blog\/#\/schema\/person\/61c64d50ce4bc2af697920be39efd0d9","name":"Genex Brasil","image":{"@type":"ImageObject","inLanguage":"pt-BR","@id":"https:\/\/genexbrasil.com.br\/blog\/#\/schema\/person\/image\/","url":"https:\/\/genexbrasil.com.br\/blog\/wp-content\/uploads\/2022\/07\/genex-avatar-96x96.png","contentUrl":"https:\/\/genexbrasil.com.br\/blog\/wp-content\/uploads\/2022\/07\/genex-avatar-96x96.png","caption":"Genex Brasil"},"url":"https:\/\/genexbrasil.com.br\/blog\/author\/genex-brasil\/"}]}},"_links":{"self":[{"href":"https:\/\/genexbrasil.com.br\/blog\/wp-json\/wp\/v2\/posts\/613"}],"collection":[{"href":"https:\/\/genexbrasil.com.br\/blog\/wp-json\/wp\/v2\/posts"}],"about":[{"href":"https:\/\/genexbrasil.com.br\/blog\/wp-json\/wp\/v2\/types\/post"}],"author":[{"embeddable":true,"href":"https:\/\/genexbrasil.com.br\/blog\/wp-json\/wp\/v2\/users\/3"}],"replies":[{"embeddable":true,"href":"https:\/\/genexbrasil.com.br\/blog\/wp-json\/wp\/v2\/comments?post=613"}],"version-history":[{"count":1,"href":"https:\/\/genexbrasil.com.br\/blog\/wp-json\/wp\/v2\/posts\/613\/revisions"}],"predecessor-version":[{"id":615,"href":"https:\/\/genexbrasil.com.br\/blog\/wp-json\/wp\/v2\/posts\/613\/revisions\/615"}],"wp:featuredmedia":[{"embeddable":true,"href":"https:\/\/genexbrasil.com.br\/blog\/wp-json\/wp\/v2\/media\/614"}],"wp:attachment":[{"href":"https:\/\/genexbrasil.com.br\/blog\/wp-json\/wp\/v2\/media?parent=613"}],"wp:term":[{"taxonomy":"category","embeddable":true,"href":"https:\/\/genexbrasil.com.br\/blog\/wp-json\/wp\/v2\/categories?post=613"},{"taxonomy":"post_tag","embeddable":true,"href":"https:\/\/genexbrasil.com.br\/blog\/wp-json\/wp\/v2\/tags?post=613"}],"curies":[{"name":"wp","href":"https:\/\/api.w.org\/{rel}","templated":true}]}}