{"id":587,"date":"2025-08-12T17:45:53","date_gmt":"2025-08-12T20:45:53","guid":{"rendered":"https:\/\/genexbrasil.com.br\/blog\/?p=587"},"modified":"2025-08-12T17:46:17","modified_gmt":"2025-08-12T20:46:17","slug":"genex-celebra-20-anos-no-brasil-com-desfile-de-touros-durante-a-expogenetica","status":"publish","type":"post","link":"https:\/\/genexbrasil.com.br\/blog\/genex-celebra-20-anos-no-brasil-com-desfile-de-touros-durante-a-expogenetica\/","title":{"rendered":"GENEX celebra 20 anos no Brasil com Desfile de Touros durante a Expogen\u00e9tica"},"content":{"rendered":"<p>No pr\u00f3ximo 19 de agosto, durante a Expogen\u00e9tica, a GENEX abre as portas de sua Central, em Uberaba, Minas Gerais, para um evento que une tradi\u00e7\u00e3o, gen\u00e9tica de ponta e celebra\u00e7\u00e3o. A programa\u00e7\u00e3o especial marca os 20 anos da empresa no Brasil e contar\u00e1 com um desfile exclusivo com 21 touros que representam o que h\u00e1 de mais moderno e produtivo na pecu\u00e1ria de corte.<\/p>\n<p>O desfile come\u00e7a \u00e0s 14h (hor\u00e1rio de Bras\u00edlia), apresentando animais de alto desempenho, com transmiss\u00e3o ao vivo pelo Lance Rural e Canal do Criador, para que pecuaristas de todo o pa\u00eds possam acompanhar cada detalhe. \u00c0s 17h, a festa continua com um happy hour e m\u00fasica ao vivo, reunindo clientes, parceiros e amigos para celebrar duas d\u00e9cadas de resultados e conex\u00f5es.<\/p>\n<p>\u201cEsse desfile \u00e9 mais do que uma vitrine de gen\u00e9tica: \u00e9 a materializa\u00e7\u00e3o de anos de trabalho, sele\u00e7\u00e3o criteriosa e parcerias s\u00f3lidas. Os 21 touros que vamos apresentar refletem a for\u00e7a do rebanho brasileiro e a import\u00e2ncia da GENEX em fornecer solu\u00e7\u00f5es que aumentam a produtividade, a adapta\u00e7\u00e3o e a lucratividade no campo\u201d, afirma Gustavo Costa, especialista de mercado corte da GENEX Brasil.<\/p>\n<p>O evento \u00e9 aberto a clientes, parceiros e profissionais do setor.<\/p>\n<p>Venha conhecer de perto a gen\u00e9tica no padr\u00e3o GENEX!<\/p>\n<p>Central GENEX \u2013 Rodovia BR-050 | KM 158<br \/>\n19 de agosto \u2013 a partir das 14h<\/p>\n","protected":false},"excerpt":{"rendered":"<p>No pr\u00f3ximo 19 de agosto, durante a Expogen\u00e9tica, a GENEX abre as portas de sua Central, em Uberaba, Minas Gerais, para um evento que une tradi\u00e7\u00e3o, gen\u00e9tica de ponta e celebra\u00e7\u00e3o. A programa\u00e7\u00e3o especial marca os 20 anos da empresa no Brasil e contar\u00e1 com um desfile exclusivo com 21 touros que representam o que [&hellip;]<\/p>\n","protected":false},"author":3,"featured_media":588,"comment_status":"open","ping_status":"open","sticky":false,"template":"","format":"standard","meta":{"inline_featured_image":false,"footnotes":""},"categories":[1],"tags":[],"yoast_head":"<!-- This site is optimized with the Yoast SEO plugin v19.2 - https:\/\/yoast.com\/wordpress\/plugins\/seo\/ -->\r\n<title>GENEX celebra 20 anos no Brasil com Desfile de Touros durante a Expogen\u00e9tica - Genex Brasil - Blog<\/title>\r\n<meta name=\"robots\" content=\"index, follow, max-snippet:-1, max-image-preview:large, max-video-preview:-1\" \/>\r\n<link rel=\"canonical\" href=\"https:\/\/genexbrasil.com.br\/blog\/genex-celebra-20-anos-no-brasil-com-desfile-de-touros-durante-a-expogenetica\/\" \/>\r\n<meta property=\"og:locale\" content=\"pt_BR\" \/>\r\n<meta property=\"og:type\" content=\"article\" \/>\r\n<meta property=\"og:title\" content=\"GENEX celebra 20 anos no Brasil com Desfile de Touros durante a Expogen\u00e9tica - Genex Brasil - Blog\" \/>\r\n<meta property=\"og:description\" content=\"No pr\u00f3ximo 19 de agosto, durante a Expogen\u00e9tica, a GENEX abre as portas de sua Central, em Uberaba, Minas Gerais, para um evento que une tradi\u00e7\u00e3o, gen\u00e9tica de ponta e celebra\u00e7\u00e3o. A programa\u00e7\u00e3o especial marca os 20 anos da empresa no Brasil e contar\u00e1 com um desfile exclusivo com 21 touros que representam o que [&hellip;]\" \/>\r\n<meta property=\"og:url\" content=\"https:\/\/genexbrasil.com.br\/blog\/genex-celebra-20-anos-no-brasil-com-desfile-de-touros-durante-a-expogenetica\/\" \/>\r\n<meta property=\"og:site_name\" content=\"Genex Brasil - Blog\" \/>\r\n<meta property=\"article:publisher\" content=\"https:\/\/www.facebook.com\/GENEXBrasil\" \/>\r\n<meta property=\"article:published_time\" content=\"2025-08-12T20:45:53+00:00\" \/>\r\n<meta property=\"article:modified_time\" content=\"2025-08-12T20:46:17+00:00\" \/>\r\n<meta property=\"og:image\" content=\"https:\/\/genexbrasil.com.br\/blog\/wp-content\/uploads\/2025\/08\/Desfile-Touros-Expogenetica-banner-site-1.png\" \/>\r\n\t<meta property=\"og:image:width\" content=\"750\" \/>\r\n\t<meta property=\"og:image:height\" content=\"536\" \/>\r\n\t<meta property=\"og:image:type\" content=\"image\/png\" \/>\r\n<meta name=\"author\" content=\"Genex Brasil\" \/>\r\n<meta name=\"twitter:card\" content=\"summary_large_image\" \/>\r\n<meta name=\"twitter:label1\" content=\"Escrito por\" \/>\n\t<meta name=\"twitter:data1\" content=\"Genex Brasil\" \/>\n\t<meta name=\"twitter:label2\" content=\"Est. tempo de leitura\" \/>\n\t<meta name=\"twitter:data2\" content=\"1 minuto\" \/>\r\n<script type=\"application\/ld+json\" class=\"yoast-schema-graph\">{\"@context\":\"https:\/\/schema.org\",\"@graph\":[{\"@type\":\"Organization\",\"@id\":\"https:\/\/genexbrasil.com.br\/blog\/#organization\",\"name\":\"Genex Brasil\",\"url\":\"https:\/\/genexbrasil.com.br\/blog\/\",\"sameAs\":[\"https:\/\/www.youtube.com\/c\/GENEXBrasil\",\"https:\/\/www.instagram.com\/genexbrasil\",\"https:\/\/www.linkedin.com\/company\/genexbrasil\",\"https:\/\/www.facebook.com\/GENEXBrasil\"],\"logo\":{\"@type\":\"ImageObject\",\"inLanguage\":\"pt-BR\",\"@id\":\"https:\/\/genexbrasil.com.br\/blog\/#\/schema\/logo\/image\/\",\"url\":\"http:\/\/genex.novasingular.com.br\/blog\/wp-content\/uploads\/2022\/07\/Logo-Genex-em-vetor.svg\",\"contentUrl\":\"http:\/\/genex.novasingular.com.br\/blog\/wp-content\/uploads\/2022\/07\/Logo-Genex-em-vetor.svg\",\"width\":286,\"height\":60,\"caption\":\"Genex Brasil\"},\"image\":{\"@id\":\"https:\/\/genexbrasil.com.br\/blog\/#\/schema\/logo\/image\/\"}},{\"@type\":\"WebSite\",\"@id\":\"https:\/\/genexbrasil.com.br\/blog\/#website\",\"url\":\"https:\/\/genexbrasil.com.br\/blog\/\",\"name\":\"Genex Brasil - Blog\",\"description\":\"A melhor gen\u00e9tica para o futuro do seu rebanho\",\"publisher\":{\"@id\":\"https:\/\/genexbrasil.com.br\/blog\/#organization\"},\"potentialAction\":[{\"@type\":\"SearchAction\",\"target\":{\"@type\":\"EntryPoint\",\"urlTemplate\":\"https:\/\/genexbrasil.com.br\/blog\/?s={search_term_string}\"},\"query-input\":\"required name=search_term_string\"}],\"inLanguage\":\"pt-BR\"},{\"@type\":\"ImageObject\",\"inLanguage\":\"pt-BR\",\"@id\":\"https:\/\/genexbrasil.com.br\/blog\/genex-celebra-20-anos-no-brasil-com-desfile-de-touros-durante-a-expogenetica\/#primaryimage\",\"url\":\"https:\/\/genexbrasil.com.br\/blog\/wp-content\/uploads\/2025\/08\/Desfile-Touros-Expogenetica-banner-site-1.png\",\"contentUrl\":\"https:\/\/genexbrasil.com.br\/blog\/wp-content\/uploads\/2025\/08\/Desfile-Touros-Expogenetica-banner-site-1.png\",\"width\":750,\"height\":536},{\"@type\":\"WebPage\",\"@id\":\"https:\/\/genexbrasil.com.br\/blog\/genex-celebra-20-anos-no-brasil-com-desfile-de-touros-durante-a-expogenetica\/#webpage\",\"url\":\"https:\/\/genexbrasil.com.br\/blog\/genex-celebra-20-anos-no-brasil-com-desfile-de-touros-durante-a-expogenetica\/\",\"name\":\"GENEX celebra 20 anos no Brasil com Desfile de Touros durante a Expogen\u00e9tica - Genex Brasil - Blog\",\"isPartOf\":{\"@id\":\"https:\/\/genexbrasil.com.br\/blog\/#website\"},\"primaryImageOfPage\":{\"@id\":\"https:\/\/genexbrasil.com.br\/blog\/genex-celebra-20-anos-no-brasil-com-desfile-de-touros-durante-a-expogenetica\/#primaryimage\"},\"datePublished\":\"2025-08-12T20:45:53+00:00\",\"dateModified\":\"2025-08-12T20:46:17+00:00\",\"breadcrumb\":{\"@id\":\"https:\/\/genexbrasil.com.br\/blog\/genex-celebra-20-anos-no-brasil-com-desfile-de-touros-durante-a-expogenetica\/#breadcrumb\"},\"inLanguage\":\"pt-BR\",\"potentialAction\":[{\"@type\":\"ReadAction\",\"target\":[\"https:\/\/genexbrasil.com.br\/blog\/genex-celebra-20-anos-no-brasil-com-desfile-de-touros-durante-a-expogenetica\/\"]}]},{\"@type\":\"BreadcrumbList\",\"@id\":\"https:\/\/genexbrasil.com.br\/blog\/genex-celebra-20-anos-no-brasil-com-desfile-de-touros-durante-a-expogenetica\/#breadcrumb\",\"itemListElement\":[{\"@type\":\"ListItem\",\"position\":1,\"name\":\"In\u00edcio\",\"item\":\"https:\/\/genexbrasil.com.br\/blog\/\"},{\"@type\":\"ListItem\",\"position\":2,\"name\":\"GENEX celebra 20 anos no Brasil com Desfile de Touros durante a Expogen\u00e9tica\"}]},{\"@type\":\"Article\",\"@id\":\"https:\/\/genexbrasil.com.br\/blog\/genex-celebra-20-anos-no-brasil-com-desfile-de-touros-durante-a-expogenetica\/#article\",\"isPartOf\":{\"@id\":\"https:\/\/genexbrasil.com.br\/blog\/genex-celebra-20-anos-no-brasil-com-desfile-de-touros-durante-a-expogenetica\/#webpage\"},\"author\":{\"name\":\"Genex Brasil\",\"@id\":\"https:\/\/genexbrasil.com.br\/blog\/#\/schema\/person\/61c64d50ce4bc2af697920be39efd0d9\"},\"headline\":\"GENEX celebra 20 anos no Brasil com Desfile de Touros durante a Expogen\u00e9tica\",\"datePublished\":\"2025-08-12T20:45:53+00:00\",\"dateModified\":\"2025-08-12T20:46:17+00:00\",\"mainEntityOfPage\":{\"@id\":\"https:\/\/genexbrasil.com.br\/blog\/genex-celebra-20-anos-no-brasil-com-desfile-de-touros-durante-a-expogenetica\/#webpage\"},\"wordCount\":263,\"commentCount\":0,\"publisher\":{\"@id\":\"https:\/\/genexbrasil.com.br\/blog\/#organization\"},\"image\":{\"@id\":\"https:\/\/genexbrasil.com.br\/blog\/genex-celebra-20-anos-no-brasil-com-desfile-de-touros-durante-a-expogenetica\/#primaryimage\"},\"thumbnailUrl\":\"https:\/\/genexbrasil.com.br\/blog\/wp-content\/uploads\/2025\/08\/Desfile-Touros-Expogenetica-banner-site-1.png\",\"inLanguage\":\"pt-BR\",\"potentialAction\":[{\"@type\":\"CommentAction\",\"name\":\"Comment\",\"target\":[\"https:\/\/genexbrasil.com.br\/blog\/genex-celebra-20-anos-no-brasil-com-desfile-de-touros-durante-a-expogenetica\/#respond\"]}]},{\"@type\":\"Person\",\"@id\":\"https:\/\/genexbrasil.com.br\/blog\/#\/schema\/person\/61c64d50ce4bc2af697920be39efd0d9\",\"name\":\"Genex Brasil\",\"image\":{\"@type\":\"ImageObject\",\"inLanguage\":\"pt-BR\",\"@id\":\"https:\/\/genexbrasil.com.br\/blog\/#\/schema\/person\/image\/\",\"url\":\"https:\/\/genexbrasil.com.br\/blog\/wp-content\/uploads\/2022\/07\/genex-avatar-96x96.png\",\"contentUrl\":\"https:\/\/genexbrasil.com.br\/blog\/wp-content\/uploads\/2022\/07\/genex-avatar-96x96.png\",\"caption\":\"Genex Brasil\"},\"url\":\"https:\/\/genexbrasil.com.br\/blog\/author\/genex-brasil\/\"}]}<\/script>\r\n<!-- \/ Yoast SEO plugin. -->","yoast_head_json":{"title":"GENEX celebra 20 anos no Brasil com Desfile de Touros durante a Expogen\u00e9tica - Genex Brasil - Blog","robots":{"index":"index","follow":"follow","max-snippet":"max-snippet:-1","max-image-preview":"max-image-preview:large","max-video-preview":"max-video-preview:-1"},"canonical":"https:\/\/genexbrasil.com.br\/blog\/genex-celebra-20-anos-no-brasil-com-desfile-de-touros-durante-a-expogenetica\/","og_locale":"pt_BR","og_type":"article","og_title":"GENEX celebra 20 anos no Brasil com Desfile de Touros durante a Expogen\u00e9tica - Genex Brasil - Blog","og_description":"No pr\u00f3ximo 19 de agosto, durante a Expogen\u00e9tica, a GENEX abre as portas de sua Central, em Uberaba, Minas Gerais, para um evento que une tradi\u00e7\u00e3o, gen\u00e9tica de ponta e celebra\u00e7\u00e3o. A programa\u00e7\u00e3o especial marca os 20 anos da empresa no Brasil e contar\u00e1 com um desfile exclusivo com 21 touros que representam o que [&hellip;]","og_url":"https:\/\/genexbrasil.com.br\/blog\/genex-celebra-20-anos-no-brasil-com-desfile-de-touros-durante-a-expogenetica\/","og_site_name":"Genex Brasil - Blog","article_publisher":"https:\/\/www.facebook.com\/GENEXBrasil","article_published_time":"2025-08-12T20:45:53+00:00","article_modified_time":"2025-08-12T20:46:17+00:00","og_image":[{"width":750,"height":536,"url":"https:\/\/genexbrasil.com.br\/blog\/wp-content\/uploads\/2025\/08\/Desfile-Touros-Expogenetica-banner-site-1.png","type":"image\/png"}],"author":"Genex Brasil","twitter_card":"summary_large_image","twitter_misc":{"Escrito por":"Genex Brasil","Est. tempo de leitura":"1 minuto"},"schema":{"@context":"https:\/\/schema.org","@graph":[{"@type":"Organization","@id":"https:\/\/genexbrasil.com.br\/blog\/#organization","name":"Genex Brasil","url":"https:\/\/genexbrasil.com.br\/blog\/","sameAs":["https:\/\/www.youtube.com\/c\/GENEXBrasil","https:\/\/www.instagram.com\/genexbrasil","https:\/\/www.linkedin.com\/company\/genexbrasil","https:\/\/www.facebook.com\/GENEXBrasil"],"logo":{"@type":"ImageObject","inLanguage":"pt-BR","@id":"https:\/\/genexbrasil.com.br\/blog\/#\/schema\/logo\/image\/","url":"http:\/\/genex.novasingular.com.br\/blog\/wp-content\/uploads\/2022\/07\/Logo-Genex-em-vetor.svg","contentUrl":"http:\/\/genex.novasingular.com.br\/blog\/wp-content\/uploads\/2022\/07\/Logo-Genex-em-vetor.svg","width":286,"height":60,"caption":"Genex Brasil"},"image":{"@id":"https:\/\/genexbrasil.com.br\/blog\/#\/schema\/logo\/image\/"}},{"@type":"WebSite","@id":"https:\/\/genexbrasil.com.br\/blog\/#website","url":"https:\/\/genexbrasil.com.br\/blog\/","name":"Genex Brasil - Blog","description":"A melhor gen\u00e9tica para o futuro do seu rebanho","publisher":{"@id":"https:\/\/genexbrasil.com.br\/blog\/#organization"},"potentialAction":[{"@type":"SearchAction","target":{"@type":"EntryPoint","urlTemplate":"https:\/\/genexbrasil.com.br\/blog\/?s={search_term_string}"},"query-input":"required name=search_term_string"}],"inLanguage":"pt-BR"},{"@type":"ImageObject","inLanguage":"pt-BR","@id":"https:\/\/genexbrasil.com.br\/blog\/genex-celebra-20-anos-no-brasil-com-desfile-de-touros-durante-a-expogenetica\/#primaryimage","url":"https:\/\/genexbrasil.com.br\/blog\/wp-content\/uploads\/2025\/08\/Desfile-Touros-Expogenetica-banner-site-1.png","contentUrl":"https:\/\/genexbrasil.com.br\/blog\/wp-content\/uploads\/2025\/08\/Desfile-Touros-Expogenetica-banner-site-1.png","width":750,"height":536},{"@type":"WebPage","@id":"https:\/\/genexbrasil.com.br\/blog\/genex-celebra-20-anos-no-brasil-com-desfile-de-touros-durante-a-expogenetica\/#webpage","url":"https:\/\/genexbrasil.com.br\/blog\/genex-celebra-20-anos-no-brasil-com-desfile-de-touros-durante-a-expogenetica\/","name":"GENEX celebra 20 anos no Brasil com Desfile de Touros durante a Expogen\u00e9tica - Genex Brasil - Blog","isPartOf":{"@id":"https:\/\/genexbrasil.com.br\/blog\/#website"},"primaryImageOfPage":{"@id":"https:\/\/genexbrasil.com.br\/blog\/genex-celebra-20-anos-no-brasil-com-desfile-de-touros-durante-a-expogenetica\/#primaryimage"},"datePublished":"2025-08-12T20:45:53+00:00","dateModified":"2025-08-12T20:46:17+00:00","breadcrumb":{"@id":"https:\/\/genexbrasil.com.br\/blog\/genex-celebra-20-anos-no-brasil-com-desfile-de-touros-durante-a-expogenetica\/#breadcrumb"},"inLanguage":"pt-BR","potentialAction":[{"@type":"ReadAction","target":["https:\/\/genexbrasil.com.br\/blog\/genex-celebra-20-anos-no-brasil-com-desfile-de-touros-durante-a-expogenetica\/"]}]},{"@type":"BreadcrumbList","@id":"https:\/\/genexbrasil.com.br\/blog\/genex-celebra-20-anos-no-brasil-com-desfile-de-touros-durante-a-expogenetica\/#breadcrumb","itemListElement":[{"@type":"ListItem","position":1,"name":"In\u00edcio","item":"https:\/\/genexbrasil.com.br\/blog\/"},{"@type":"ListItem","position":2,"name":"GENEX celebra 20 anos no Brasil com Desfile de Touros durante a Expogen\u00e9tica"}]},{"@type":"Article","@id":"https:\/\/genexbrasil.com.br\/blog\/genex-celebra-20-anos-no-brasil-com-desfile-de-touros-durante-a-expogenetica\/#article","isPartOf":{"@id":"https:\/\/genexbrasil.com.br\/blog\/genex-celebra-20-anos-no-brasil-com-desfile-de-touros-durante-a-expogenetica\/#webpage"},"author":{"name":"Genex Brasil","@id":"https:\/\/genexbrasil.com.br\/blog\/#\/schema\/person\/61c64d50ce4bc2af697920be39efd0d9"},"headline":"GENEX celebra 20 anos no Brasil com Desfile de Touros durante a Expogen\u00e9tica","datePublished":"2025-08-12T20:45:53+00:00","dateModified":"2025-08-12T20:46:17+00:00","mainEntityOfPage":{"@id":"https:\/\/genexbrasil.com.br\/blog\/genex-celebra-20-anos-no-brasil-com-desfile-de-touros-durante-a-expogenetica\/#webpage"},"wordCount":263,"commentCount":0,"publisher":{"@id":"https:\/\/genexbrasil.com.br\/blog\/#organization"},"image":{"@id":"https:\/\/genexbrasil.com.br\/blog\/genex-celebra-20-anos-no-brasil-com-desfile-de-touros-durante-a-expogenetica\/#primaryimage"},"thumbnailUrl":"https:\/\/genexbrasil.com.br\/blog\/wp-content\/uploads\/2025\/08\/Desfile-Touros-Expogenetica-banner-site-1.png","inLanguage":"pt-BR","potentialAction":[{"@type":"CommentAction","name":"Comment","target":["https:\/\/genexbrasil.com.br\/blog\/genex-celebra-20-anos-no-brasil-com-desfile-de-touros-durante-a-expogenetica\/#respond"]}]},{"@type":"Person","@id":"https:\/\/genexbrasil.com.br\/blog\/#\/schema\/person\/61c64d50ce4bc2af697920be39efd0d9","name":"Genex Brasil","image":{"@type":"ImageObject","inLanguage":"pt-BR","@id":"https:\/\/genexbrasil.com.br\/blog\/#\/schema\/person\/image\/","url":"https:\/\/genexbrasil.com.br\/blog\/wp-content\/uploads\/2022\/07\/genex-avatar-96x96.png","contentUrl":"https:\/\/genexbrasil.com.br\/blog\/wp-content\/uploads\/2022\/07\/genex-avatar-96x96.png","caption":"Genex Brasil"},"url":"https:\/\/genexbrasil.com.br\/blog\/author\/genex-brasil\/"}]}},"_links":{"self":[{"href":"https:\/\/genexbrasil.com.br\/blog\/wp-json\/wp\/v2\/posts\/587"}],"collection":[{"href":"https:\/\/genexbrasil.com.br\/blog\/wp-json\/wp\/v2\/posts"}],"about":[{"href":"https:\/\/genexbrasil.com.br\/blog\/wp-json\/wp\/v2\/types\/post"}],"author":[{"embeddable":true,"href":"https:\/\/genexbrasil.com.br\/blog\/wp-json\/wp\/v2\/users\/3"}],"replies":[{"embeddable":true,"href":"https:\/\/genexbrasil.com.br\/blog\/wp-json\/wp\/v2\/comments?post=587"}],"version-history":[{"count":1,"href":"https:\/\/genexbrasil.com.br\/blog\/wp-json\/wp\/v2\/posts\/587\/revisions"}],"predecessor-version":[{"id":589,"href":"https:\/\/genexbrasil.com.br\/blog\/wp-json\/wp\/v2\/posts\/587\/revisions\/589"}],"wp:featuredmedia":[{"embeddable":true,"href":"https:\/\/genexbrasil.com.br\/blog\/wp-json\/wp\/v2\/media\/588"}],"wp:attachment":[{"href":"https:\/\/genexbrasil.com.br\/blog\/wp-json\/wp\/v2\/media?parent=587"}],"wp:term":[{"taxonomy":"category","embeddable":true,"href":"https:\/\/genexbrasil.com.br\/blog\/wp-json\/wp\/v2\/categories?post=587"},{"taxonomy":"post_tag","embeddable":true,"href":"https:\/\/genexbrasil.com.br\/blog\/wp-json\/wp\/v2\/tags?post=587"}],"curies":[{"name":"wp","href":"https:\/\/api.w.org\/{rel}","templated":true}]}}