{"id":556,"date":"2025-02-27T14:56:40","date_gmt":"2025-02-27T17:56:40","guid":{"rendered":"https:\/\/genexbrasil.com.br\/blog\/?p=556"},"modified":"2025-03-12T11:06:09","modified_gmt":"2025-03-12T14:06:09","slug":"encontros-que-conectam-mulheres","status":"publish","type":"post","link":"https:\/\/genexbrasil.com.br\/blog\/encontros-que-conectam-mulheres\/","title":{"rendered":"ENCONTROS QUE CONECTAM MULHERES"},"content":{"rendered":"<p><strong>No &#8220;Encontros que Conectam Mulheres \u2013 Edi\u00e7\u00e3o: A Magia da Pecu\u00e1ria&#8221;, contaremos com mulheres que s\u00e3o refer\u00eancias no setor agropecu\u00e1rio. Elas n\u00e3o apenas lideram com inova\u00e7\u00e3o, mas tamb\u00e9m compartilham suas hist\u00f3rias inspiradoras, que transformam desafios em oportunidades para o desenvolvimento da pecu\u00e1ria. No encontro de mar\u00e7o de 2025, essas embaixadoras estar\u00e3o presentes, enriquecendo o evento com suas trajet\u00f3rias e experi\u00eancias. Prepare-se para se conectar, se inspirar e vivenciar a magia da pecu\u00e1ria com essas mulheres transformadoras. N\u00e3o perca! Nos dias 13 e 14 de mar\u00e7o, em Uberaba (MG), ser\u00e1 uma oportunidade \u00fanica de aprender, crescer e fortalecer sua rede de contatos no setor.<\/strong><\/p>\n<p><strong>Se ainda n\u00e3o garantiu sua vaga, fa\u00e7a agora a inscri\u00e7\u00e3o em:<\/strong> <a href=\"https:\/\/forms.gle\/XMRCuEK2RJ8BUMy97\"><strong>https:\/\/forms.gle\/XMRCuEK2RJ8BUMy97 <\/strong><\/a><\/p>\n<p><strong>\u00a0<\/strong><\/p>\n<p><strong>QUEM S\u00c3O NOSSAS EMBAIXADORAS?<\/strong><\/p>\n<p><strong>Anita Bufai\u00e7al &#8211; <\/strong>Veterin\u00e1ria e gestora do Grupo Limoeiro, refer\u00eancia em gen\u00e9tica Nelore, lidera com inova\u00e7\u00e3o e tradi\u00e7\u00e3o familiar. Co-fundadora do Agropaty\u2019s, inspira e fortalece a presen\u00e7a feminina no agro, compartilhando conhecimento e impulsionando o setor.<\/p>\n<p><strong>Bruna Br\u00fcner- <\/strong>Profissional de marketing na Tulipa Agropecu\u00e1ria, transforma narrativas do agroneg\u00f3cio, conectando o setor ao p\u00fablico com autenticidade. Sua paix\u00e3o por contar hist\u00f3rias impulsiona o agro a novos horizontes de comunica\u00e7\u00e3o e valoriza\u00e7\u00e3o da atividade rural.<\/p>\n<p><strong>Danielle Mendes &#8211; <\/strong>M\u00e9dica, especialista em nutrologia e medicina integrativa, alia sa\u00fade e pecu\u00e1ria na cria\u00e7\u00e3o de Indubrasil, Nelore e Quarto de Milha. L\u00edder no Instituto DM Corpo e Mente e diretora da ABCI (Associa\u00e7\u00e3o Brasileira de Criadores de Indubrasil), promove bem-estar e inova\u00e7\u00e3o no setor agropecu\u00e1rio.<\/p>\n<p><strong>Guta Alonso &#8211; <\/strong>M\u00e9dica-veterin\u00e1ria, doutora em Reprodu\u00e7\u00e3o Animal e refer\u00eancia na cria\u00e7\u00e3o da linhagem Lemgruber. Lidera a Fazenda ELGE, no Mato Grosso do Sul, e sua central de equinos em S\u00e3o Paulo, conciliando gest\u00e3o, gen\u00e9tica e fotografia para promover a pecu\u00e1ria e o agroneg\u00f3cio brasileiro.<\/p>\n<p><strong>Kika Ribeiro &#8211; <\/strong>A primeira mulher a presidir a Associa\u00e7\u00e3o Brasileira de Criadores de Canchim ABCCAN em 70 anos. Bi\u00f3loga, pecuarista, lidera a Fazenda \u00c1gua Marinha, refer\u00eancia na cria\u00e7\u00e3o de Canchim e Charol\u00eas, apostando em melhoramento gen\u00e9tico e conex\u00f5es estrat\u00e9gicas para fortalecer a pecu\u00e1ria brasileira.<\/p>\n<p><strong>Maxiely Scaramussa &#8211; <\/strong>Advogada e l\u00edder no agro, preside o Sindicato dos Produtores Rurais de Paragominas (PA) e dirige a Nativa Carbono. Criadora do projeto Rural Delas, atua no fortalecimento da sustentabilidade e do protagonismo feminino no campo, sendo refer\u00eancia em gest\u00e3o e inova\u00e7\u00e3o.<\/p>\n<p><strong>\u00a0<\/strong><strong>Mariana Marcondes- <\/strong>Veterin\u00e1ria e especialista MATTERNA GENEX, \u00e9 refer\u00eancia no cuidado com bezerras. Criadora do @bezerrinsta e autora do curso \u201cDomine a Colostragem\u201d, utiliza a comunica\u00e7\u00e3o digital para capacitar o setor e aprimorar a cria\u00e7\u00e3o de futuras matrizes.<\/p>\n<p><strong>Renata Friedel &#8211; <\/strong>Veterin\u00e1ria e pecuarista, assumiu a sucess\u00e3o familiar como especialista em reprodu\u00e7\u00e3o animal. Atua na gest\u00e3o da pecu\u00e1ria de ciclo completo com integra\u00e7\u00e3o lavoura-pecu\u00e1ria, combinando inova\u00e7\u00e3o e produtividade para impulsionar o futuro do agroneg\u00f3cio.<\/p>\n<p><strong>Sara Matos &#8211; <\/strong>Veterin\u00e1ria e pecuarista, assumiu a gest\u00e3o da Fazenda Gimibu sem experi\u00eancia, transformando sua vida e a de sua equipe. Com vis\u00e3o empreendedora e esp\u00edrito de lideran\u00e7a, consolidou sua atua\u00e7\u00e3o no agro, unindo prop\u00f3sito, desenvolvimento humano e sucesso na pecu\u00e1ria.<\/p>\n<p><strong>Tatiane Almeida Drummond Tetzner &#8211; <\/strong>Veterin\u00e1ria, doutora em Reprodu\u00e7\u00e3o Animal e jurada oficial de ra\u00e7as zebu\u00ednas, \u00e9 refer\u00eancia internacional na pecu\u00e1ria leiteira. Comanda a Padma Consultoria, atuando na evolu\u00e7\u00e3o gen\u00e9tica de rebanhos e na capacita\u00e7\u00e3o rural em diversos pa\u00edses da Am\u00e9rica Latina.<\/p>\n<p><strong>Valeria Guimar\u00e3es<\/strong> &#8211; M\u00e9dica e doutora em Endocrinologia, foi premiada internacionalmente por contribui\u00e7\u00f5es \u00e0 sa\u00fade p\u00fablica. L\u00edder no projeto \u201cMais Carne, Mais R\u00e1pido e de Melhor Qualidade\u201d, alia ci\u00eancia e gen\u00e9tica na cria\u00e7\u00e3o de Tabapu\u00e3, revolucionando a pecu\u00e1ria brasileira. Em 2023 foi agraciada pela ABCZ com a medalha M\u00e9rito\u00a0ABCZ\u00a0Mulher.<\/p>\n<p>&nbsp;<\/p>\n<p><strong>QUEM S\u00c3O AS PALESTRANTES?<\/strong><\/p>\n<p><strong>Gladys Mariotto \u2013 <\/strong>Doutora em Neuroci\u00eancia e Cogni\u00e7\u00e3o, CEO da startup J\u00e1 Entendi Agro. Desenvolveu a plataforma EDSF e publicou mais de 100 livros. Acumula 30 pr\u00eamios em inova\u00e7\u00e3o, educa\u00e7\u00e3o e tecnologia. Especialista em capacita\u00e7\u00e3o para a base do agro, com metodologia pr\u00f3pria de acelera\u00e7\u00e3o de aprendizagem.<\/p>\n<p><strong>Josiane Lage \u2013 <\/strong>Zootecnista (UFV), doutora pela Unesp\/Jaboticabal com sandu\u00edche no USMARC (EUA). Atua h\u00e1 mais de 10 anos em inova\u00e7\u00e3o, desenvolvimento de produtos e marketing no agro. Atualmente, \u00e9 Gerente de Produto &#8211; Bovinos de Corte na Phibro e empreendedora digital com as marcas Josi Lage, Mulheres da Pecu\u00e1ria e Pecu\u00e1ria Roxa Podcast.<\/p>\n<p><strong>Lilian Matimoto \u2013 <\/strong>M\u00e9dica Veterin\u00e1ria, p\u00f3s-graduada em Produ\u00e7\u00e3o de Gado de Corte. Primeira mulher a presidir um programa de melhoramento gen\u00e9tico bovino no Brasil e assumir como Executiva na ASBIA, seu cargo atual, onde lidera projetos de fomento \u00e0 IA\/IATF. Possui 18 anos de experi\u00eancia em lideran\u00e7a e cursa p\u00f3s na USP em An\u00e1lise de Cen\u00e1rios e Mercado de Capitais.<\/p>\n<p><strong>\u00a0<\/strong><strong>Patricia Santos \u2013 <\/strong>Consultora, escritora e palestrante, especialista em Gerenciamento da Raiva pela National Anger Management Association (EUA). Fellow na institui\u00e7\u00e3o e aluna do Dr. Tal Ben-Shahar na Happiness Studies Academy. Coautora do livro \u201cRaiva, quem n\u00e3o tem?\u201d.<\/p>\n<p><strong>\u00a0<\/strong><\/p>\n<p><b>QUEM S\u00c3O AS PAINELISTAS?\u00a0<\/b><\/p>\n<p>Elas s\u00e3o as l\u00edderes que conduzir\u00e3o os debates e reflex\u00f5es no \u201cEncontros que Conectam Mulheres \u2013 Edi\u00e7\u00e3o: A Magia da Pecu\u00e1ria\u201d. Nos dias 13 e 14 de mar\u00e7o de 2025, suas vis\u00f5es estrat\u00e9gicas e experi\u00eancias inspiradoras v\u00e3o enriquecer as discuss\u00f5es, promovendo percep\u00e7\u00f5es transformadoras para o setor. Venha se conectar e vivenciar o poder do conhecimento feminino no universo agropecu\u00e1rio!<\/p>\n<p>&nbsp;<\/p>\n<p><strong>Adriana Lima<\/strong> \u2013 Zootecnista apaixonada pelo campo, t\u00e9cnica credenciada ao Programa Embrapa Geneplus e s\u00f3cia-propriet\u00e1ria da Procriar-MS. Com dedica\u00e7\u00e3o \u00e0 gen\u00e9tica e melhoramento animal, sua atua\u00e7\u00e3o fortalece a produtividade e sustentabilidade da pecu\u00e1ria, contribuindo para o desenvolvimento do setor no Brasil.<\/p>\n<p><strong>Camila Balestreri<\/strong> \u2013 Diretora de institui\u00e7\u00e3o de ensino, Camila alia sua experi\u00eancia na odontologia \u00e0 gest\u00e3o educacional. Com forte atua\u00e7\u00e3o na forma\u00e7\u00e3o infantil e fundamental, utiliza metodologias inovadoras para moldar o futuro, promovendo conhecimento e valores s\u00f3lidos dentro e fora do campo.<\/p>\n<p><strong>Ingrid Gusm\u00e3o<\/strong> \u2013 M\u00e9dica-veterin\u00e1ria refer\u00eancia em reprodu\u00e7\u00e3o e cirurgia de bovinos, capacitou mais de 2 mil alunos em cursos t\u00e9cnicos. Sua paix\u00e3o pelo ensino e inova\u00e7\u00e3o impacta diretamente o setor, formando profissionais altamente qualificados e elevando os padr\u00f5es da pecu\u00e1ria nacional.<\/p>\n<p><strong>Izabela Inforzato<\/strong> \u2013 Psic\u00f3loga, CEO da <em>Humani Desenvolvimentos<\/em> e especialista em gest\u00e3o de pessoas no agro. Com mais de 10 anos de atua\u00e7\u00e3o, humaniza processos e otimiza talentos para criar ambientes produtivos e felizes, impulsionando a pecu\u00e1ria com efici\u00eancia e inova\u00e7\u00e3o.<\/p>\n<p><strong>J\u00e9ssica Oliver<\/strong> \u2013 Engenheira agr\u00f4noma e especialista em pecu\u00e1ria, atua na Minerva Foods como gestora de relacionamento com pecuaristas. Lidera parcerias estrat\u00e9gicas e a\u00e7\u00f5es de marketing no <em>La\u00e7o de Confian\u00e7a<\/em>, fortalecendo conex\u00f5es entre ind\u00fastria e produtores para um agro mais competitivo.<\/p>\n<p><strong>Joyce Bueno<\/strong> \u2013 M\u00e9dica-veterin\u00e1ria e especialista em reprodu\u00e7\u00e3o bovina, \u00e9 s\u00f3cia da <em>Bovinuslab<\/em>, atuando na produ\u00e7\u00e3o in vitro de embri\u00f5es. Representante da GENEX no Norte de Goi\u00e1s, alia conhecimento e tecnologia para aprimorar a gen\u00e9tica bovina, promovendo ganhos expressivos na produtividade pecu\u00e1ria.<\/p>\n<p><strong>Larissa Macedo<\/strong> \u2013 Economista, mestre em Tecnologia e Comunica\u00e7\u00e3o, especialista em inova\u00e7\u00e3o e propriedade intelectual. Com vasta experi\u00eancia em gest\u00e3o de neg\u00f3cios e transfer\u00eancia de tecnologia, impulsiona o empreendedorismo no agro, promovendo conex\u00f5es estrat\u00e9gicas e inova\u00e7\u00e3o no setor.<\/p>\n<p><strong>L\u00edvia Magalh\u00e3es<\/strong> \u2013 Zootecnista, doutora em Gen\u00e9tica e Melhoramento Animal, pioneira na promo\u00e7\u00e3o do bem-estar na pecu\u00e1ria leiteira. Como coordenadora de Projetos Leite na Be.Animal, implementa boas pr\u00e1ticas de manejo, impulsionando a produtividade e sustentabilidade da cadeia produtiva.<\/p>\n<p><strong>Lizandra Oliveira<\/strong> \u2013 Advogada, mediadora e especialista em agroneg\u00f3cio pela FGV, fundou a <em>COAGRO Solu\u00e7\u00f5es para o Agroneg\u00f3cio<\/em>, onde lidera negocia\u00e7\u00f5es estrat\u00e9gicas no setor. Professora, palestrante e coautora de obras jur\u00eddicas, fortalece a seguran\u00e7a jur\u00eddica e a inova\u00e7\u00e3o no agro.<\/p>\n<p><strong>Maria Cristina Bertelli<\/strong> \u2013 Diretora Executiva dos canais <em>Terraviva<\/em> e <em>Agromais<\/em>, \u00e9 refer\u00eancia na comunica\u00e7\u00e3o agropecu\u00e1ria. S\u00f3cia-fundadora do <em>NFA<\/em> e conselheira do <em>COSAG\/FIESP<\/em>, sua atua\u00e7\u00e3o estrat\u00e9gica conecta o campo \u00e0 sociedade, impulsionando a valoriza\u00e7\u00e3o do agro no Brasil.<\/p>\n<p><strong>Patr\u00edcia Fontoura <\/strong>\u2013 Engenheira e Mestre em Ci\u00eancia e Tecnologia de Alimentos, atua como Gerente de Qualidade Captac\u00e3o e CSR na Lactalis do Brasil. Liderando com foco em Pessoas e Resultados, tem quase 20 anos de viv\u00eancias dentro da Lactalis, com destaque nas \u00e1reas de produ\u00e7\u00e3o, qualidade e capta\u00e7\u00e3o. \u00c9 filha de pecuaristas e apaixonada pelo campo.<\/p>\n<p><strong>Raquel Borges<\/strong> \u2013 Especialista em neg\u00f3cios internacionais, lidera as Rela\u00e7\u00f5es Internacionais da ABCZ, promovendo a pecu\u00e1ria brasileira no exterior. Gestora do <em>Brazilian Cattle<\/em>, impulsiona exporta\u00e7\u00f5es e abre mercados estrat\u00e9gicos para o Zebu. Com 12 anos de atua\u00e7\u00e3o, fortalece a presen\u00e7a global do agro brasileiro.<\/p>\n<p><strong>Renata Parreira<\/strong> \u2013 Psic\u00f3loga e consultora corporativa que atua no desenvolvimento humano com foco na gest\u00e3o estrat\u00e9gica. Sua abordagem transforma l\u00edderes e equipes, capacitando-os para enfrentar desafios e impulsionar o crescimento no setor agropecu\u00e1rio.<\/p>\n<p><strong>Silvia Freitas<\/strong> \u2013 Zootecnista e superintendente de registros da Associa\u00e7\u00e3o Nacional de Criadores Herd-Book Collares (ANC), institui\u00e7\u00e3o respons\u00e1vel pela coleta, estrutura\u00e7\u00e3o e manuten\u00e7\u00e3o da base de dados formadora do Arquivo Zoot\u00e9cnico Nacional, de v\u00e1rias ra\u00e7as bovinas de origem europeia e suas cruzas.<\/p>\n<p><strong>Vanessa Lobato<\/strong> \u2013 Empres\u00e1ria e produtora rural, lidera a <em>Lobato Agropecu\u00e1ria<\/em> e a <em>F\u00e1brica de Novilhas<\/em>, unindo gest\u00e3o e inova\u00e7\u00e3o na produ\u00e7\u00e3o de carne e gr\u00e3os. Mentora do <em>Desafio Safra<\/em> e palestrante, compartilha sua experi\u00eancia para fortalecer a sucess\u00e3o e a profissionaliza\u00e7\u00e3o do agro.<\/p>\n<p>&nbsp;<\/p>\n<p>&nbsp;<\/p>\n","protected":false},"excerpt":{"rendered":"<p>No &#8220;Encontros que Conectam Mulheres \u2013 Edi\u00e7\u00e3o: A Magia da Pecu\u00e1ria&#8221;, contaremos com mulheres que s\u00e3o refer\u00eancias no setor agropecu\u00e1rio. Elas n\u00e3o apenas lideram com inova\u00e7\u00e3o, mas tamb\u00e9m compartilham suas hist\u00f3rias inspiradoras, que transformam desafios em oportunidades para o desenvolvimento da pecu\u00e1ria. No encontro de mar\u00e7o de 2025, essas embaixadoras estar\u00e3o presentes, enriquecendo o evento [&hellip;]<\/p>\n","protected":false},"author":3,"featured_media":557,"comment_status":"open","ping_status":"open","sticky":false,"template":"","format":"standard","meta":{"inline_featured_image":false,"footnotes":""},"categories":[1],"tags":[],"yoast_head":"<!-- This site is optimized with the Yoast SEO plugin v19.2 - https:\/\/yoast.com\/wordpress\/plugins\/seo\/ -->\r\n<title>ENCONTROS QUE CONECTAM MULHERES - Genex Brasil - Blog<\/title>\r\n<meta name=\"robots\" content=\"index, follow, max-snippet:-1, max-image-preview:large, max-video-preview:-1\" \/>\r\n<link rel=\"canonical\" href=\"https:\/\/genexbrasil.com.br\/blog\/encontros-que-conectam-mulheres\/\" \/>\r\n<meta property=\"og:locale\" content=\"pt_BR\" \/>\r\n<meta property=\"og:type\" content=\"article\" \/>\r\n<meta property=\"og:title\" content=\"ENCONTROS QUE CONECTAM MULHERES - Genex Brasil - Blog\" \/>\r\n<meta property=\"og:description\" content=\"No &#8220;Encontros que Conectam Mulheres \u2013 Edi\u00e7\u00e3o: A Magia da Pecu\u00e1ria&#8221;, contaremos com mulheres que s\u00e3o refer\u00eancias no setor agropecu\u00e1rio. Elas n\u00e3o apenas lideram com inova\u00e7\u00e3o, mas tamb\u00e9m compartilham suas hist\u00f3rias inspiradoras, que transformam desafios em oportunidades para o desenvolvimento da pecu\u00e1ria. No encontro de mar\u00e7o de 2025, essas embaixadoras estar\u00e3o presentes, enriquecendo o evento [&hellip;]\" \/>\r\n<meta property=\"og:url\" content=\"https:\/\/genexbrasil.com.br\/blog\/encontros-que-conectam-mulheres\/\" \/>\r\n<meta property=\"og:site_name\" content=\"Genex Brasil - Blog\" \/>\r\n<meta property=\"article:publisher\" content=\"https:\/\/www.facebook.com\/GENEXBrasil\" \/>\r\n<meta property=\"article:published_time\" content=\"2025-02-27T17:56:40+00:00\" \/>\r\n<meta property=\"article:modified_time\" content=\"2025-03-12T14:06:09+00:00\" \/>\r\n<meta property=\"og:image\" content=\"https:\/\/genexbrasil.com.br\/blog\/wp-content\/uploads\/2025\/02\/WhatsApp-Image-2025-02-25-at-17.04.02.jpeg\" \/>\r\n\t<meta property=\"og:image:width\" content=\"1600\" \/>\r\n\t<meta property=\"og:image:height\" content=\"1060\" \/>\r\n\t<meta property=\"og:image:type\" content=\"image\/jpeg\" \/>\r\n<meta name=\"author\" content=\"Genex Brasil\" \/>\r\n<meta name=\"twitter:card\" content=\"summary_large_image\" \/>\r\n<meta name=\"twitter:label1\" content=\"Escrito por\" \/>\n\t<meta name=\"twitter:data1\" content=\"Genex Brasil\" \/>\n\t<meta name=\"twitter:label2\" content=\"Est. tempo de leitura\" \/>\n\t<meta name=\"twitter:data2\" content=\"9 minutos\" \/>\r\n<script type=\"application\/ld+json\" class=\"yoast-schema-graph\">{\"@context\":\"https:\/\/schema.org\",\"@graph\":[{\"@type\":\"Organization\",\"@id\":\"https:\/\/genexbrasil.com.br\/blog\/#organization\",\"name\":\"Genex Brasil\",\"url\":\"https:\/\/genexbrasil.com.br\/blog\/\",\"sameAs\":[\"https:\/\/www.youtube.com\/c\/GENEXBrasil\",\"https:\/\/www.instagram.com\/genexbrasil\",\"https:\/\/www.linkedin.com\/company\/genexbrasil\",\"https:\/\/www.facebook.com\/GENEXBrasil\"],\"logo\":{\"@type\":\"ImageObject\",\"inLanguage\":\"pt-BR\",\"@id\":\"https:\/\/genexbrasil.com.br\/blog\/#\/schema\/logo\/image\/\",\"url\":\"http:\/\/genex.novasingular.com.br\/blog\/wp-content\/uploads\/2022\/07\/Logo-Genex-em-vetor.svg\",\"contentUrl\":\"http:\/\/genex.novasingular.com.br\/blog\/wp-content\/uploads\/2022\/07\/Logo-Genex-em-vetor.svg\",\"width\":286,\"height\":60,\"caption\":\"Genex Brasil\"},\"image\":{\"@id\":\"https:\/\/genexbrasil.com.br\/blog\/#\/schema\/logo\/image\/\"}},{\"@type\":\"WebSite\",\"@id\":\"https:\/\/genexbrasil.com.br\/blog\/#website\",\"url\":\"https:\/\/genexbrasil.com.br\/blog\/\",\"name\":\"Genex Brasil - Blog\",\"description\":\"A melhor gen\u00e9tica para o futuro do seu rebanho\",\"publisher\":{\"@id\":\"https:\/\/genexbrasil.com.br\/blog\/#organization\"},\"potentialAction\":[{\"@type\":\"SearchAction\",\"target\":{\"@type\":\"EntryPoint\",\"urlTemplate\":\"https:\/\/genexbrasil.com.br\/blog\/?s={search_term_string}\"},\"query-input\":\"required name=search_term_string\"}],\"inLanguage\":\"pt-BR\"},{\"@type\":\"ImageObject\",\"inLanguage\":\"pt-BR\",\"@id\":\"https:\/\/genexbrasil.com.br\/blog\/encontros-que-conectam-mulheres\/#primaryimage\",\"url\":\"https:\/\/genexbrasil.com.br\/blog\/wp-content\/uploads\/2025\/02\/WhatsApp-Image-2025-02-25-at-17.04.02.jpeg\",\"contentUrl\":\"https:\/\/genexbrasil.com.br\/blog\/wp-content\/uploads\/2025\/02\/WhatsApp-Image-2025-02-25-at-17.04.02.jpeg\",\"width\":1600,\"height\":1060},{\"@type\":\"WebPage\",\"@id\":\"https:\/\/genexbrasil.com.br\/blog\/encontros-que-conectam-mulheres\/#webpage\",\"url\":\"https:\/\/genexbrasil.com.br\/blog\/encontros-que-conectam-mulheres\/\",\"name\":\"ENCONTROS QUE CONECTAM MULHERES - Genex Brasil - Blog\",\"isPartOf\":{\"@id\":\"https:\/\/genexbrasil.com.br\/blog\/#website\"},\"primaryImageOfPage\":{\"@id\":\"https:\/\/genexbrasil.com.br\/blog\/encontros-que-conectam-mulheres\/#primaryimage\"},\"datePublished\":\"2025-02-27T17:56:40+00:00\",\"dateModified\":\"2025-03-12T14:06:09+00:00\",\"breadcrumb\":{\"@id\":\"https:\/\/genexbrasil.com.br\/blog\/encontros-que-conectam-mulheres\/#breadcrumb\"},\"inLanguage\":\"pt-BR\",\"potentialAction\":[{\"@type\":\"ReadAction\",\"target\":[\"https:\/\/genexbrasil.com.br\/blog\/encontros-que-conectam-mulheres\/\"]}]},{\"@type\":\"BreadcrumbList\",\"@id\":\"https:\/\/genexbrasil.com.br\/blog\/encontros-que-conectam-mulheres\/#breadcrumb\",\"itemListElement\":[{\"@type\":\"ListItem\",\"position\":1,\"name\":\"In\u00edcio\",\"item\":\"https:\/\/genexbrasil.com.br\/blog\/\"},{\"@type\":\"ListItem\",\"position\":2,\"name\":\"ENCONTROS QUE CONECTAM MULHERES\"}]},{\"@type\":\"Article\",\"@id\":\"https:\/\/genexbrasil.com.br\/blog\/encontros-que-conectam-mulheres\/#article\",\"isPartOf\":{\"@id\":\"https:\/\/genexbrasil.com.br\/blog\/encontros-que-conectam-mulheres\/#webpage\"},\"author\":{\"name\":\"Genex Brasil\",\"@id\":\"https:\/\/genexbrasil.com.br\/blog\/#\/schema\/person\/61c64d50ce4bc2af697920be39efd0d9\"},\"headline\":\"ENCONTROS QUE CONECTAM MULHERES\",\"datePublished\":\"2025-02-27T17:56:40+00:00\",\"dateModified\":\"2025-03-12T14:06:09+00:00\",\"mainEntityOfPage\":{\"@id\":\"https:\/\/genexbrasil.com.br\/blog\/encontros-que-conectam-mulheres\/#webpage\"},\"wordCount\":1774,\"commentCount\":0,\"publisher\":{\"@id\":\"https:\/\/genexbrasil.com.br\/blog\/#organization\"},\"image\":{\"@id\":\"https:\/\/genexbrasil.com.br\/blog\/encontros-que-conectam-mulheres\/#primaryimage\"},\"thumbnailUrl\":\"https:\/\/genexbrasil.com.br\/blog\/wp-content\/uploads\/2025\/02\/WhatsApp-Image-2025-02-25-at-17.04.02.jpeg\",\"inLanguage\":\"pt-BR\",\"potentialAction\":[{\"@type\":\"CommentAction\",\"name\":\"Comment\",\"target\":[\"https:\/\/genexbrasil.com.br\/blog\/encontros-que-conectam-mulheres\/#respond\"]}]},{\"@type\":\"Person\",\"@id\":\"https:\/\/genexbrasil.com.br\/blog\/#\/schema\/person\/61c64d50ce4bc2af697920be39efd0d9\",\"name\":\"Genex Brasil\",\"image\":{\"@type\":\"ImageObject\",\"inLanguage\":\"pt-BR\",\"@id\":\"https:\/\/genexbrasil.com.br\/blog\/#\/schema\/person\/image\/\",\"url\":\"https:\/\/genexbrasil.com.br\/blog\/wp-content\/uploads\/2022\/07\/genex-avatar-96x96.png\",\"contentUrl\":\"https:\/\/genexbrasil.com.br\/blog\/wp-content\/uploads\/2022\/07\/genex-avatar-96x96.png\",\"caption\":\"Genex Brasil\"},\"url\":\"https:\/\/genexbrasil.com.br\/blog\/author\/genex-brasil\/\"}]}<\/script>\r\n<!-- \/ Yoast SEO plugin. -->","yoast_head_json":{"title":"ENCONTROS QUE CONECTAM MULHERES - Genex Brasil - Blog","robots":{"index":"index","follow":"follow","max-snippet":"max-snippet:-1","max-image-preview":"max-image-preview:large","max-video-preview":"max-video-preview:-1"},"canonical":"https:\/\/genexbrasil.com.br\/blog\/encontros-que-conectam-mulheres\/","og_locale":"pt_BR","og_type":"article","og_title":"ENCONTROS QUE CONECTAM MULHERES - Genex Brasil - Blog","og_description":"No &#8220;Encontros que Conectam Mulheres \u2013 Edi\u00e7\u00e3o: A Magia da Pecu\u00e1ria&#8221;, contaremos com mulheres que s\u00e3o refer\u00eancias no setor agropecu\u00e1rio. Elas n\u00e3o apenas lideram com inova\u00e7\u00e3o, mas tamb\u00e9m compartilham suas hist\u00f3rias inspiradoras, que transformam desafios em oportunidades para o desenvolvimento da pecu\u00e1ria. No encontro de mar\u00e7o de 2025, essas embaixadoras estar\u00e3o presentes, enriquecendo o evento [&hellip;]","og_url":"https:\/\/genexbrasil.com.br\/blog\/encontros-que-conectam-mulheres\/","og_site_name":"Genex Brasil - Blog","article_publisher":"https:\/\/www.facebook.com\/GENEXBrasil","article_published_time":"2025-02-27T17:56:40+00:00","article_modified_time":"2025-03-12T14:06:09+00:00","og_image":[{"width":1600,"height":1060,"url":"https:\/\/genexbrasil.com.br\/blog\/wp-content\/uploads\/2025\/02\/WhatsApp-Image-2025-02-25-at-17.04.02.jpeg","type":"image\/jpeg"}],"author":"Genex Brasil","twitter_card":"summary_large_image","twitter_misc":{"Escrito por":"Genex Brasil","Est. tempo de leitura":"9 minutos"},"schema":{"@context":"https:\/\/schema.org","@graph":[{"@type":"Organization","@id":"https:\/\/genexbrasil.com.br\/blog\/#organization","name":"Genex Brasil","url":"https:\/\/genexbrasil.com.br\/blog\/","sameAs":["https:\/\/www.youtube.com\/c\/GENEXBrasil","https:\/\/www.instagram.com\/genexbrasil","https:\/\/www.linkedin.com\/company\/genexbrasil","https:\/\/www.facebook.com\/GENEXBrasil"],"logo":{"@type":"ImageObject","inLanguage":"pt-BR","@id":"https:\/\/genexbrasil.com.br\/blog\/#\/schema\/logo\/image\/","url":"http:\/\/genex.novasingular.com.br\/blog\/wp-content\/uploads\/2022\/07\/Logo-Genex-em-vetor.svg","contentUrl":"http:\/\/genex.novasingular.com.br\/blog\/wp-content\/uploads\/2022\/07\/Logo-Genex-em-vetor.svg","width":286,"height":60,"caption":"Genex Brasil"},"image":{"@id":"https:\/\/genexbrasil.com.br\/blog\/#\/schema\/logo\/image\/"}},{"@type":"WebSite","@id":"https:\/\/genexbrasil.com.br\/blog\/#website","url":"https:\/\/genexbrasil.com.br\/blog\/","name":"Genex Brasil - Blog","description":"A melhor gen\u00e9tica para o futuro do seu rebanho","publisher":{"@id":"https:\/\/genexbrasil.com.br\/blog\/#organization"},"potentialAction":[{"@type":"SearchAction","target":{"@type":"EntryPoint","urlTemplate":"https:\/\/genexbrasil.com.br\/blog\/?s={search_term_string}"},"query-input":"required name=search_term_string"}],"inLanguage":"pt-BR"},{"@type":"ImageObject","inLanguage":"pt-BR","@id":"https:\/\/genexbrasil.com.br\/blog\/encontros-que-conectam-mulheres\/#primaryimage","url":"https:\/\/genexbrasil.com.br\/blog\/wp-content\/uploads\/2025\/02\/WhatsApp-Image-2025-02-25-at-17.04.02.jpeg","contentUrl":"https:\/\/genexbrasil.com.br\/blog\/wp-content\/uploads\/2025\/02\/WhatsApp-Image-2025-02-25-at-17.04.02.jpeg","width":1600,"height":1060},{"@type":"WebPage","@id":"https:\/\/genexbrasil.com.br\/blog\/encontros-que-conectam-mulheres\/#webpage","url":"https:\/\/genexbrasil.com.br\/blog\/encontros-que-conectam-mulheres\/","name":"ENCONTROS QUE CONECTAM MULHERES - Genex Brasil - Blog","isPartOf":{"@id":"https:\/\/genexbrasil.com.br\/blog\/#website"},"primaryImageOfPage":{"@id":"https:\/\/genexbrasil.com.br\/blog\/encontros-que-conectam-mulheres\/#primaryimage"},"datePublished":"2025-02-27T17:56:40+00:00","dateModified":"2025-03-12T14:06:09+00:00","breadcrumb":{"@id":"https:\/\/genexbrasil.com.br\/blog\/encontros-que-conectam-mulheres\/#breadcrumb"},"inLanguage":"pt-BR","potentialAction":[{"@type":"ReadAction","target":["https:\/\/genexbrasil.com.br\/blog\/encontros-que-conectam-mulheres\/"]}]},{"@type":"BreadcrumbList","@id":"https:\/\/genexbrasil.com.br\/blog\/encontros-que-conectam-mulheres\/#breadcrumb","itemListElement":[{"@type":"ListItem","position":1,"name":"In\u00edcio","item":"https:\/\/genexbrasil.com.br\/blog\/"},{"@type":"ListItem","position":2,"name":"ENCONTROS QUE CONECTAM MULHERES"}]},{"@type":"Article","@id":"https:\/\/genexbrasil.com.br\/blog\/encontros-que-conectam-mulheres\/#article","isPartOf":{"@id":"https:\/\/genexbrasil.com.br\/blog\/encontros-que-conectam-mulheres\/#webpage"},"author":{"name":"Genex Brasil","@id":"https:\/\/genexbrasil.com.br\/blog\/#\/schema\/person\/61c64d50ce4bc2af697920be39efd0d9"},"headline":"ENCONTROS QUE CONECTAM MULHERES","datePublished":"2025-02-27T17:56:40+00:00","dateModified":"2025-03-12T14:06:09+00:00","mainEntityOfPage":{"@id":"https:\/\/genexbrasil.com.br\/blog\/encontros-que-conectam-mulheres\/#webpage"},"wordCount":1774,"commentCount":0,"publisher":{"@id":"https:\/\/genexbrasil.com.br\/blog\/#organization"},"image":{"@id":"https:\/\/genexbrasil.com.br\/blog\/encontros-que-conectam-mulheres\/#primaryimage"},"thumbnailUrl":"https:\/\/genexbrasil.com.br\/blog\/wp-content\/uploads\/2025\/02\/WhatsApp-Image-2025-02-25-at-17.04.02.jpeg","inLanguage":"pt-BR","potentialAction":[{"@type":"CommentAction","name":"Comment","target":["https:\/\/genexbrasil.com.br\/blog\/encontros-que-conectam-mulheres\/#respond"]}]},{"@type":"Person","@id":"https:\/\/genexbrasil.com.br\/blog\/#\/schema\/person\/61c64d50ce4bc2af697920be39efd0d9","name":"Genex Brasil","image":{"@type":"ImageObject","inLanguage":"pt-BR","@id":"https:\/\/genexbrasil.com.br\/blog\/#\/schema\/person\/image\/","url":"https:\/\/genexbrasil.com.br\/blog\/wp-content\/uploads\/2022\/07\/genex-avatar-96x96.png","contentUrl":"https:\/\/genexbrasil.com.br\/blog\/wp-content\/uploads\/2022\/07\/genex-avatar-96x96.png","caption":"Genex Brasil"},"url":"https:\/\/genexbrasil.com.br\/blog\/author\/genex-brasil\/"}]}},"_links":{"self":[{"href":"https:\/\/genexbrasil.com.br\/blog\/wp-json\/wp\/v2\/posts\/556"}],"collection":[{"href":"https:\/\/genexbrasil.com.br\/blog\/wp-json\/wp\/v2\/posts"}],"about":[{"href":"https:\/\/genexbrasil.com.br\/blog\/wp-json\/wp\/v2\/types\/post"}],"author":[{"embeddable":true,"href":"https:\/\/genexbrasil.com.br\/blog\/wp-json\/wp\/v2\/users\/3"}],"replies":[{"embeddable":true,"href":"https:\/\/genexbrasil.com.br\/blog\/wp-json\/wp\/v2\/comments?post=556"}],"version-history":[{"count":3,"href":"https:\/\/genexbrasil.com.br\/blog\/wp-json\/wp\/v2\/posts\/556\/revisions"}],"predecessor-version":[{"id":561,"href":"https:\/\/genexbrasil.com.br\/blog\/wp-json\/wp\/v2\/posts\/556\/revisions\/561"}],"wp:featuredmedia":[{"embeddable":true,"href":"https:\/\/genexbrasil.com.br\/blog\/wp-json\/wp\/v2\/media\/557"}],"wp:attachment":[{"href":"https:\/\/genexbrasil.com.br\/blog\/wp-json\/wp\/v2\/media?parent=556"}],"wp:term":[{"taxonomy":"category","embeddable":true,"href":"https:\/\/genexbrasil.com.br\/blog\/wp-json\/wp\/v2\/categories?post=556"},{"taxonomy":"post_tag","embeddable":true,"href":"https:\/\/genexbrasil.com.br\/blog\/wp-json\/wp\/v2\/tags?post=556"}],"curies":[{"name":"wp","href":"https:\/\/api.w.org\/{rel}","templated":true}]}}