{"id":519,"date":"2025-01-28T20:42:14","date_gmt":"2025-01-28T22:42:14","guid":{"rendered":"https:\/\/genexbrasil.com.br\/blog\/?p=519"},"modified":"2025-02-26T17:40:27","modified_gmt":"2025-02-26T20:40:27","slug":"encontrosqueconectam2edicao","status":"publish","type":"post","link":"https:\/\/genexbrasil.com.br\/blog\/encontrosqueconectam2edicao\/","title":{"rendered":"Est\u00e1 chegando: 2\u00aa Edi\u00e7\u00e3o Encontros que Conectam Mulheres"},"content":{"rendered":"<p>Nos dias 13 e 14 de mar\u00e7o de 2025, a cidade de Uberaba (MG) ter\u00e1, pelo segundo ano consecutivo, um evento encantador para as mulheres: <strong>&#8220;Encontros que Conectam Mulheres \u2013 Edi\u00e7\u00e3o: A Magia da Pecu\u00e1ria&#8221;<\/strong>. Com o objetivo de promover a troca de conhecimentos, debates sobre temas relevantes do agroneg\u00f3cio, com foco principal na pecu\u00e1ria, fortalecer a conex\u00e3o e destacar o protagonismo feminino no setor, o encontro acontecer\u00e1 em dois locais no ber\u00e7o do zebu: Parque Fernando Costa e Central GENEX, tamb\u00e9m localizada em Uberaba.<\/p>\n<p>Organizado para conectar mulheres atuantes e apaixonadas pela pecu\u00e1ria, o encontro trar\u00e1 uma programa\u00e7\u00e3o diversificada. &#8220;Teremos palestras, pain\u00e9is tem\u00e1ticos, debates e visitas t\u00e9cnicas. Especialistas, lideran\u00e7as femininas e profissionais do segmento compartilhar\u00e3o experi\u00eancias e cases de sucesso, trazendo uma vis\u00e3o 360\u00ba da pecu\u00e1ria e gerando muita conex\u00e3o, que \u00e9 o nosso maior objetivo&#8221;, comenta Gustavo Freitas, coordenador de projetos da GENEX, gestor do programa GENEX Conecta e idealizador do evento junto \u00e0 empresa.<\/p>\n<p>Freitas complementa: &#8220;Uma das novidades \u00e9 a presen\u00e7a e participa\u00e7\u00e3o de &#8220;embaixadoras&#8221;, que tem como miss\u00e3o serem protagonistas do evento e aumentar a rede de conex\u00e3o com o p\u00fablico, atrav\u00e9s de suas hist\u00f3rias, viv\u00eancias, exemplos positivos aplicados em seus neg\u00f3cios e perfis de lideran\u00e7a, representando as diversas mulheres que temos no agro&#8221;.<\/p>\n<p>Al\u00e9m disso, o evento \u00e9 palco do &#8220;Pr\u00eamio Mulheres que Conectam&#8221;, tamb\u00e9m em sua segunda edi\u00e7\u00e3o. A iniciativa visa reconhecer profissionais que se destacam em diferentes frentes de atua\u00e7\u00e3o, inspirando outras mulheres e\u00a0 gerando impacto positivo nas fazendas, organiza\u00e7\u00f5es e na sociedade como um todo.<\/p>\n<p>Completando a experi\u00eancia, ser\u00e1 realizado ainda o 2\u00ba Leil\u00e3o Conex\u00e3o do Bem, em que as verbas arrecadas s\u00e3o destinadas ao projeto social &#8220;De Olho no Material Escolar&#8221;.<\/p>\n<p>O evento, idealizado pela GENEX Brasil, conta com a chancela da ABCZ e de diversos parceiros comprometidos em valorizar o papel da mulher no agroneg\u00f3cio.<\/p>\n<p><strong>INSCRI\u00c7\u00d5ES<\/strong><\/p>\n<p>As inscri\u00e7\u00f5es j\u00e1 est\u00e3o abertas e podem ser realizadas <strong><a href=\"https:\/\/forms.gle\/RRyJTGDUWes5gE7a6\">clicando aqui<\/a>.<\/strong><\/p>\n<p style=\"text-align: center;\"><strong><span style=\"color: #339966;\">ROTEIRO<\/span><br \/>\nConhe\u00e7a a programa\u00e7\u00e3o completa!<\/strong><\/p>\n<blockquote>\n<p style=\"text-align: center;\">Conectando a for\u00e7a e a energia que movem as mulheres no agro, o \u201cEncontros que Conectam Mulheres\u201d \u00e9 uma experi\u00eancia para muita troca de viv\u00eancias, conhecimento t\u00e9cnico, gest\u00e3o, gen\u00e9tica, lideran\u00e7a, compartilhar hist\u00f3rias e construir nosso futuro. Sejam bem-vindos e bem-vindas a esse mundo m\u00e1gico!<\/p>\n<\/blockquote>\n<blockquote class=\"pullquote align-center\"><p><span style=\"color: #800080;\"><strong>12\/03\/25 | Prepara\u00e7\u00e3o para a magia: Aquecimento &#8211; Circuito GENEX <\/strong><\/span><\/p><\/blockquote>\n<p>Tudo come\u00e7a no dia 12 de mar\u00e7o, num belo final de tarde de quarta-feira. Nosso \u201cEncontros que Conectam Mulheres\u201d inicia com uma experi\u00eancia de conex\u00e3o entre conhecimento, corpo e mente com<a href=\"https:\/\/www.instagram.com\/dminstituto\/\">\u00a0@dminstituto<\/a>.<\/p>\n<blockquote><p><strong>Eu quero!<\/strong><\/p>\n<p>Temos um n\u00famero limitado para essa experi\u00eancia, por isso, preencha o formul\u00e1rio e <strong>garanta sua vaga<\/strong><a href=\"https:\/\/forms.gle\/ScZ32aZsPR74ttJy8\"> clicando aqui!<\/a><\/p><\/blockquote>\n<p>Local:\u00a0Instituto Danielle Mendes Corpo e Mente<br \/>\nRua Nacib Cury, 443 \u2013 Uberaba | Site:<a href=\"https:\/\/dminstituto.com.br\"> https:\/\/dminstituto.com.br<\/a><br \/>\n<strong>Hor\u00e1rio:<\/strong>\u00a017h \u2013 19h30<\/p>\n<p><strong>Dica de fada madrinha:<\/strong> Venha com roupas leves e\/ou esportivas. E surpreenda-se com um mimo exclusivo para voc\u00ea!<\/p>\n<p><strong>Participa\u00e7\u00e3o especial<\/strong>: Embaixadora <strong>Val\u00e9ria Guimar\u00e3es<\/strong> apresentar\u00e1 o tema: &#8220;A Endocrinologia e seu papel na Pecu\u00e1ria: Compreendendo os mecanismos hormonais da sobreviv\u00eancia&#8221;.<\/p>\n<p><strong>Quem \u00e9 Val\u00e9ria?<\/strong><br \/>\nDoutoura em Endocrinologia pela Faculdade de Medicina de S\u00e3o Paulo e pela Universidade de Chicago.\u00a0 lidera o projeto \u201cMais Carne, Mais R\u00e1pido e de Melhor Qualidade\u201d de sua propriedade, utilizando inova\u00e7\u00e3o e tecnologia aliadas \u00e0 gen\u00e9tica de ponta na Fazenda Balsas &#8211; Onda Verde em Mimoso em Goi\u00e1s. <a href=\"https:\/\/www.instagram.com\/dra.valeriaguimaraes\/\">@dra.valeriaguimaraes<\/a><\/p>\n<blockquote class=\"pullquote align-center\"><p><span style=\"color: #800080;\"><strong>13\/03\/25 | A magia come\u00e7ou: 1\u00ba Dia<\/strong><\/span><\/p><\/blockquote>\n<p><strong>Local: Parque Fernando Costa \u2013 Tatersal Rubico Carvalho<\/strong><\/p>\n<p><strong>8h \u2013 9h:<\/strong>\u00a0 Boas-vindas aos convidados e convidadas!<\/p>\n<p><strong>9h \u2013 9h20:<\/strong>\u00a0 A m\u00e1gica vai come\u00e7ar (Abertura Oficial)<\/p>\n<p><strong>9h20 \u2013 10h30:<\/strong>\u00a0 \u201cO Que os Contos Nos Contam\u201d \u2013 <strong>Patr\u00edcia Santos |\u00a0<\/strong><a href=\"https:\/\/www.instagram.com\/conexaopatriciasantos\/\"><strong>@conexaopatriciasantos<\/strong><\/a><\/p>\n<p><strong>10h30 \u2013 11h00:<\/strong>\u00a0Coffee Break<\/p>\n<p><strong>11h00 \u2013 11h30:<\/strong> Quem s\u00e3o as Embaixadoras GENEX e ABCZ?<br \/>\nCase de Sucesso Renata Friedel |\u00a0<a href=\"https:\/\/www.instagram.com\/renatafriedel\/\">@renatafriedel<\/a><\/p>\n<p><strong>11h30 \u2013 12h:<\/strong>\u00a0 \u201cMulheres no Agroneg\u00f3cio e o Impacto do uso da Insemina\u00e7\u00e3o Artificial no Futuro da Pecu\u00e1ria\u201d \u2013<strong>\u00a0Lilian Matimoto |\u00a0<\/strong><a href=\"https:\/\/www.instagram.com\/limatimoto\/\"><strong>@limatimoto<\/strong><\/a><\/p>\n<p><strong>12h \u2013 12h40:<\/strong> Plen\u00e1ria &#8220;O poder transformador da Gen\u00e9tica&#8221;<\/p>\n<ul>\n<li>Adriana Lima | <a href=\"https:\/\/www.instagram.com\/adrianalimanogueira\/\">@adrianalimanogueira\u00a0<\/a><\/li>\n<li>Raquel Borges\u00a0| <a href=\"https:\/\/www.instagram.com\/raqueldsborges\/\">@raqueldsborges<\/a><\/li>\n<li>Ingrid Gusm\u00e3o\u00a0| <a href=\"https:\/\/www.instagram.com\/ingridgusmao\/\">@ingridgusmao<\/a><\/li>\n<li>Joyce Navarro | <a href=\"https:\/\/www.instagram.com\/joyce_bueno\/\">@joyce_bueno<\/a><\/li>\n<li>Tatiane Tetzner | <a href=\"https:\/\/www.instagram.com\/tatidrummondtetzner\/\">@tatidrummondtetzner<\/a><\/li>\n<li>Silvia Freitas |\u00a0 <a href=\"https:\/\/www.instagram.com\/silvia_f_freitas\/\">@silvia_f_freitas<\/a><\/li>\n<\/ul>\n<p><strong>12h40 \u2013 13h00:<\/strong> &#8220;Oportunidades e incentivos para exportac\u0327a\u0303o de gen\u00e9tica bovina&#8221; &#8211; Participa\u00e7\u00e3o do Minist\u00e9rio da Agricultura e Pecu\u00e1ria (MAPA)<\/p>\n<p><strong>13h00 &#8211; 14h20:<\/strong> Vamos almo\u00e7ar? Bom apetite!<\/p>\n<p><strong>14h20\u2013 14h40:<\/strong>\u00a0Din\u00e2mica \u201cEspelho, espelho meu\u2026\u201d<\/p>\n<p><strong>14h40 \u2013 15h00:<\/strong> Momento Embaixadoras GENEX e ABCZ<br \/>\nCase de Sucesso Bruna Bruner |\u00a0<a href=\"https:\/\/www.instagram.com\/brunagoncalvesbruner\/\">@brunagoncalvesbruner<\/a><\/p>\n<p><strong>15h00 \u2013 15h30:<\/strong> \u201cNeuroci\u00eancia no Campo: Como Ensinar de Forma Mais Simples e Eficaz\u201d \u2013\u00a0<strong>Gladys Mariotto |<\/strong>\u00a0<a href=\"https:\/\/www.instagram.com\/gladysmariotto\/\"><strong>@gladysmariotto<\/strong><\/a><\/p>\n<p><strong>15h30 \u2013 16h10:<\/strong>\u00a0 Plen\u00e1ria &#8220;Gente e Gest\u00e3o &#8211; Encantando Talentos&#8221;<\/p>\n<ul>\n<li>Camila Baslestreri |\u00a0<a href=\"https:\/\/www.instagram.com\/camilabalestreri\/\">@camilabalestreri<\/a><\/li>\n<li>Izabela Inforzato |\u00a0<a href=\"https:\/\/www.instagram.com\/izabelainforzato\/\">@izabelainforzato<\/a><\/li>\n<li>Lizandra Colossi |\u00a0<a href=\"https:\/\/www.instagram.com\/falecomadraliz\/\">@falecomadraliz<\/a><\/li>\n<li>Livia Magalh\u00e3es | <a href=\"https:\/\/www.instagram.com\/liviamagalhaes.agro\/\">@liviamagalhaes.agro<\/a><\/li>\n<li>Renata Parreira |\u00a0<a href=\"https:\/\/www.instagram.com\/renataparreiraandrade\/\">@renataparreiraandrade\u00a0<\/a><a href=\"https:\/\/www.instagram.com\/desenvolvimentoegestao\/\">@desenvolvimentoegestao<\/a><\/li>\n<li>Vanessa Lobato | <a href=\"https:\/\/www.instagram.com\/vanessalobato.agro\/\">@vanessalobato.agro<\/a><\/li>\n<\/ul>\n<p><strong>16h10 \u2013 16h50:<\/strong>\u00a0 Coffee Break<\/p>\n<p><strong>16h50 \u2013 17h10:<\/strong>\u00a0 Momento Embaixadoras GENEX e ABCZ<br \/>\nCase de Sucesso Anita Bufai\u00e7al | <a href=\"https:\/\/www.instagram.com\/anitabufaical\/\">@anitabufaical<\/a><\/p>\n<p><strong>17h10 \u2013 18h00:<\/strong> Um giro 360\u00ba pela magia do GENEX Conecta<br \/>\nUma rodada diferente de perguntas e respostas!<\/p>\n<p><strong>18h00 \u00e0s 19h30:<\/strong>\u00a0 Um brinde ao primeiro dia! (Integra\u00e7\u00e3o e coquetel)<\/p>\n<blockquote class=\"pullquote align-center\"><p><strong>\u00a0<\/strong><strong style=\"color: #800080; font-size: 1.3em; font-style: italic; text-align: center;\">14\/03\/25 | A magia continua: 2\u00ba Dia<\/strong><\/p><\/blockquote>\n<p><strong>Local: Tatersal Rubico Carvalho e Central GENEX Uberaba<\/strong><\/p>\n<p><strong>8h \u2013 08h20: <\/strong>Sejam bem-vindas e bem-vindos de volta! \u2013 Abertura 2\u00ba Dia<\/p>\n<p><strong>8h20 \u2013 8h40:<\/strong>\u00a0 Momento Embaixadoras ABCZ e GENEX<br \/>\nCase de Sucesso\u00a0\u2013 Sara Matos |\u00a0<a href=\"https:\/\/www.instagram.com\/saramatosvet\/\">@saramatosvet<\/a><\/p>\n<p><strong>8h40 \u2013 9h10:<\/strong> \u201cComo se diferenciar no mercado agro e ter um posicionamento\u00a0de\u00a0valor\u201d-\u00a0<strong>Josiane Lage |\u00a0<\/strong><a href=\"https:\/\/www.instagram.com\/josilage\/\"><strong>@josilage<\/strong><\/a><strong><br \/>\n<\/strong><em>Fundadora\u00a0<\/em><a href=\"https:\/\/www.instagram.com\/pecuariaroxa\/\"><em>@pecuariaroxa<\/em><\/a><em>\u00a0&amp;\u00a0<\/em><a href=\"https:\/\/www.instagram.com\/mulheresdapecuaria\/\"><em>@mulheresdapecuaria.\u00a0<\/em><\/a><\/p>\n<p><strong>9h10 \u2013 9h50:<\/strong> Plen\u00e1ria &#8220;O incr\u00edvel mundo do Marketing&#8221;<\/p>\n<ul>\n<li>Larissa Macedo | <a href=\"https:\/\/www.instagram.com\/larissasarmentomacedo\/\">@larissasarmentomacedo<\/a><\/li>\n<li>Maria Cristina Bertelli |<a href=\"https:\/\/www.instagram.com\/kitybertelli\/\">@kitybertelli<\/a><\/li>\n<li>Mariana Marcondes | <a href=\"https:\/\/www.instagram.com\/bezerrinsta\/\">@bezerrinsta<\/a><\/li>\n<li>J\u00e9ssica Oliver | <a href=\"https:\/\/www.instagram.com\/jessicaoliviers\/\">@jenssicaoliviers<\/a><\/li>\n<li>Patr\u00edcia Fountora | <a href=\"https:\/\/www.linkedin.com\/in\/patricia-fontoura-83a813146\/?originalSubdomain=br\">Perfil Linkedin<\/a> <a href=\"https:\/\/www.instagram.com\/lactalisbrasil\/\">@lactalisbrasil<\/a><\/li>\n<\/ul>\n<p><strong>9h50 \u2013 10h30:<\/strong> #Partiu Central GENEX<\/p>\n<p><strong>10h30 \u2013 11h:<\/strong> Boas-vindas na Central GENEX \u2013 Sua GENEXperience vai come\u00e7ar!<\/p>\n<p><strong>11h \u2013 12h:<\/strong> Parada GENEX (Nosso desfile de touros)<\/p>\n<p><strong>12h \u2013 17h:<\/strong> Vamos celebrar! Almo\u00e7o com Leil\u00e3o Conex\u00e3o do Bem e Premia\u00e7\u00e3o \u201cMulheres que Conectam 2025\u201d<\/p>\n<blockquote>\n<p style=\"text-align: center;\"><span style=\"color: #800080;\"><strong>Conhe\u00e7a nossos parceiros que s\u00e3o verdadeiros protagonistas!<br \/>\n<img decoding=\"async\" loading=\"lazy\" class=\"alignnone size-full wp-image-553\" src=\"https:\/\/genexbrasil.com.br\/blog\/wp-content\/uploads\/2025\/01\/apoiadores_final.jpg\" alt=\"\" width=\"1080\" height=\"1350\" srcset=\"https:\/\/genexbrasil.com.br\/blog\/wp-content\/uploads\/2025\/01\/apoiadores_final.jpg 1080w, https:\/\/genexbrasil.com.br\/blog\/wp-content\/uploads\/2025\/01\/apoiadores_final-240x300.jpg 240w, https:\/\/genexbrasil.com.br\/blog\/wp-content\/uploads\/2025\/01\/apoiadores_final-819x1024.jpg 819w, https:\/\/genexbrasil.com.br\/blog\/wp-content\/uploads\/2025\/01\/apoiadores_final-768x960.jpg 768w, https:\/\/genexbrasil.com.br\/blog\/wp-content\/uploads\/2025\/01\/apoiadores_final-750x938.jpg 750w\" sizes=\"(max-width: 1080px) 100vw, 1080px\" \/><br \/>\n<\/strong><\/span><\/p>\n<\/blockquote>\n","protected":false},"excerpt":{"rendered":"<p>Nos dias 13 e 14 de mar\u00e7o de 2025, a cidade de Uberaba (MG) ter\u00e1, pelo segundo ano consecutivo, um evento encantador para as mulheres: &#8220;Encontros que Conectam Mulheres \u2013 Edi\u00e7\u00e3o: A Magia da Pecu\u00e1ria&#8221;. Com o objetivo de promover a troca de conhecimentos, debates sobre temas relevantes do agroneg\u00f3cio, com foco principal na pecu\u00e1ria, [&hellip;]<\/p>\n","protected":false},"author":3,"featured_media":544,"comment_status":"open","ping_status":"open","sticky":false,"template":"","format":"standard","meta":{"inline_featured_image":false,"footnotes":""},"categories":[5],"tags":[13,93,63,94],"yoast_head":"<!-- This site is optimized with the Yoast SEO plugin v19.2 - https:\/\/yoast.com\/wordpress\/plugins\/seo\/ -->\r\n<title>Est\u00e1 chegando: 2\u00aa Edi\u00e7\u00e3o Encontros que Conectam Mulheres - Genex Brasil - Blog<\/title>\r\n<meta name=\"robots\" content=\"index, follow, max-snippet:-1, max-image-preview:large, max-video-preview:-1\" \/>\r\n<link rel=\"canonical\" href=\"https:\/\/genexbrasil.com.br\/blog\/encontrosqueconectam2edicao\/\" \/>\r\n<meta property=\"og:locale\" content=\"pt_BR\" \/>\r\n<meta property=\"og:type\" content=\"article\" \/>\r\n<meta property=\"og:title\" content=\"Est\u00e1 chegando: 2\u00aa Edi\u00e7\u00e3o Encontros que Conectam Mulheres - Genex Brasil - Blog\" \/>\r\n<meta property=\"og:description\" content=\"Nos dias 13 e 14 de mar\u00e7o de 2025, a cidade de Uberaba (MG) ter\u00e1, pelo segundo ano consecutivo, um evento encantador para as mulheres: &#8220;Encontros que Conectam Mulheres \u2013 Edi\u00e7\u00e3o: A Magia da Pecu\u00e1ria&#8221;. Com o objetivo de promover a troca de conhecimentos, debates sobre temas relevantes do agroneg\u00f3cio, com foco principal na pecu\u00e1ria, [&hellip;]\" \/>\r\n<meta property=\"og:url\" content=\"https:\/\/genexbrasil.com.br\/blog\/encontrosqueconectam2edicao\/\" \/>\r\n<meta property=\"og:site_name\" content=\"Genex Brasil - Blog\" \/>\r\n<meta property=\"article:publisher\" content=\"https:\/\/www.facebook.com\/GENEXBrasil\" \/>\r\n<meta property=\"article:published_time\" content=\"2025-01-28T22:42:14+00:00\" \/>\r\n<meta property=\"article:modified_time\" content=\"2025-02-26T20:40:27+00:00\" \/>\r\n<meta property=\"og:image\" content=\"https:\/\/genexbrasil.com.br\/blog\/wp-content\/uploads\/2025\/01\/arte_mulheres-1.png\" \/>\r\n\t<meta property=\"og:image:width\" content=\"750\" \/>\r\n\t<meta property=\"og:image:height\" content=\"536\" \/>\r\n\t<meta property=\"og:image:type\" content=\"image\/png\" \/>\r\n<meta name=\"author\" content=\"Genex Brasil\" \/>\r\n<meta name=\"twitter:card\" content=\"summary_large_image\" \/>\r\n<meta name=\"twitter:label1\" content=\"Escrito por\" \/>\n\t<meta name=\"twitter:data1\" content=\"Genex Brasil\" \/>\n\t<meta name=\"twitter:label2\" content=\"Est. tempo de leitura\" \/>\n\t<meta name=\"twitter:data2\" content=\"5 minutos\" \/>\r\n<script type=\"application\/ld+json\" class=\"yoast-schema-graph\">{\"@context\":\"https:\/\/schema.org\",\"@graph\":[{\"@type\":\"Organization\",\"@id\":\"https:\/\/genexbrasil.com.br\/blog\/#organization\",\"name\":\"Genex Brasil\",\"url\":\"https:\/\/genexbrasil.com.br\/blog\/\",\"sameAs\":[\"https:\/\/www.youtube.com\/c\/GENEXBrasil\",\"https:\/\/www.instagram.com\/genexbrasil\",\"https:\/\/www.linkedin.com\/company\/genexbrasil\",\"https:\/\/www.facebook.com\/GENEXBrasil\"],\"logo\":{\"@type\":\"ImageObject\",\"inLanguage\":\"pt-BR\",\"@id\":\"https:\/\/genexbrasil.com.br\/blog\/#\/schema\/logo\/image\/\",\"url\":\"http:\/\/genex.novasingular.com.br\/blog\/wp-content\/uploads\/2022\/07\/Logo-Genex-em-vetor.svg\",\"contentUrl\":\"http:\/\/genex.novasingular.com.br\/blog\/wp-content\/uploads\/2022\/07\/Logo-Genex-em-vetor.svg\",\"width\":286,\"height\":60,\"caption\":\"Genex Brasil\"},\"image\":{\"@id\":\"https:\/\/genexbrasil.com.br\/blog\/#\/schema\/logo\/image\/\"}},{\"@type\":\"WebSite\",\"@id\":\"https:\/\/genexbrasil.com.br\/blog\/#website\",\"url\":\"https:\/\/genexbrasil.com.br\/blog\/\",\"name\":\"Genex Brasil - Blog\",\"description\":\"A melhor gen\u00e9tica para o futuro do seu rebanho\",\"publisher\":{\"@id\":\"https:\/\/genexbrasil.com.br\/blog\/#organization\"},\"potentialAction\":[{\"@type\":\"SearchAction\",\"target\":{\"@type\":\"EntryPoint\",\"urlTemplate\":\"https:\/\/genexbrasil.com.br\/blog\/?s={search_term_string}\"},\"query-input\":\"required name=search_term_string\"}],\"inLanguage\":\"pt-BR\"},{\"@type\":\"ImageObject\",\"inLanguage\":\"pt-BR\",\"@id\":\"https:\/\/genexbrasil.com.br\/blog\/encontrosqueconectam2edicao\/#primaryimage\",\"url\":\"https:\/\/genexbrasil.com.br\/blog\/wp-content\/uploads\/2025\/01\/arte_mulheres-1.png\",\"contentUrl\":\"https:\/\/genexbrasil.com.br\/blog\/wp-content\/uploads\/2025\/01\/arte_mulheres-1.png\",\"width\":750,\"height\":536},{\"@type\":\"WebPage\",\"@id\":\"https:\/\/genexbrasil.com.br\/blog\/encontrosqueconectam2edicao\/#webpage\",\"url\":\"https:\/\/genexbrasil.com.br\/blog\/encontrosqueconectam2edicao\/\",\"name\":\"Est\u00e1 chegando: 2\u00aa Edi\u00e7\u00e3o Encontros que Conectam Mulheres - Genex Brasil - Blog\",\"isPartOf\":{\"@id\":\"https:\/\/genexbrasil.com.br\/blog\/#website\"},\"primaryImageOfPage\":{\"@id\":\"https:\/\/genexbrasil.com.br\/blog\/encontrosqueconectam2edicao\/#primaryimage\"},\"datePublished\":\"2025-01-28T22:42:14+00:00\",\"dateModified\":\"2025-02-26T20:40:27+00:00\",\"breadcrumb\":{\"@id\":\"https:\/\/genexbrasil.com.br\/blog\/encontrosqueconectam2edicao\/#breadcrumb\"},\"inLanguage\":\"pt-BR\",\"potentialAction\":[{\"@type\":\"ReadAction\",\"target\":[\"https:\/\/genexbrasil.com.br\/blog\/encontrosqueconectam2edicao\/\"]}]},{\"@type\":\"BreadcrumbList\",\"@id\":\"https:\/\/genexbrasil.com.br\/blog\/encontrosqueconectam2edicao\/#breadcrumb\",\"itemListElement\":[{\"@type\":\"ListItem\",\"position\":1,\"name\":\"In\u00edcio\",\"item\":\"https:\/\/genexbrasil.com.br\/blog\/\"},{\"@type\":\"ListItem\",\"position\":2,\"name\":\"Est\u00e1 chegando: 2\u00aa Edi\u00e7\u00e3o Encontros que Conectam Mulheres\"}]},{\"@type\":\"Article\",\"@id\":\"https:\/\/genexbrasil.com.br\/blog\/encontrosqueconectam2edicao\/#article\",\"isPartOf\":{\"@id\":\"https:\/\/genexbrasil.com.br\/blog\/encontrosqueconectam2edicao\/#webpage\"},\"author\":{\"name\":\"Genex Brasil\",\"@id\":\"https:\/\/genexbrasil.com.br\/blog\/#\/schema\/person\/61c64d50ce4bc2af697920be39efd0d9\"},\"headline\":\"Est\u00e1 chegando: 2\u00aa Edi\u00e7\u00e3o Encontros que Conectam Mulheres\",\"datePublished\":\"2025-01-28T22:42:14+00:00\",\"dateModified\":\"2025-02-26T20:40:27+00:00\",\"mainEntityOfPage\":{\"@id\":\"https:\/\/genexbrasil.com.br\/blog\/encontrosqueconectam2edicao\/#webpage\"},\"wordCount\":1103,\"commentCount\":0,\"publisher\":{\"@id\":\"https:\/\/genexbrasil.com.br\/blog\/#organization\"},\"image\":{\"@id\":\"https:\/\/genexbrasil.com.br\/blog\/encontrosqueconectam2edicao\/#primaryimage\"},\"thumbnailUrl\":\"https:\/\/genexbrasil.com.br\/blog\/wp-content\/uploads\/2025\/01\/arte_mulheres-1.png\",\"keywords\":[\"#pecuaria\",\"evento\",\"genex conecta\",\"mulheres\"],\"articleSection\":[\"Not\u00edcias\"],\"inLanguage\":\"pt-BR\",\"potentialAction\":[{\"@type\":\"CommentAction\",\"name\":\"Comment\",\"target\":[\"https:\/\/genexbrasil.com.br\/blog\/encontrosqueconectam2edicao\/#respond\"]}]},{\"@type\":\"Person\",\"@id\":\"https:\/\/genexbrasil.com.br\/blog\/#\/schema\/person\/61c64d50ce4bc2af697920be39efd0d9\",\"name\":\"Genex Brasil\",\"image\":{\"@type\":\"ImageObject\",\"inLanguage\":\"pt-BR\",\"@id\":\"https:\/\/genexbrasil.com.br\/blog\/#\/schema\/person\/image\/\",\"url\":\"https:\/\/genexbrasil.com.br\/blog\/wp-content\/uploads\/2022\/07\/genex-avatar-96x96.png\",\"contentUrl\":\"https:\/\/genexbrasil.com.br\/blog\/wp-content\/uploads\/2022\/07\/genex-avatar-96x96.png\",\"caption\":\"Genex Brasil\"},\"url\":\"https:\/\/genexbrasil.com.br\/blog\/author\/genex-brasil\/\"}]}<\/script>\r\n<!-- \/ Yoast SEO plugin. -->","yoast_head_json":{"title":"Est\u00e1 chegando: 2\u00aa Edi\u00e7\u00e3o Encontros que Conectam Mulheres - Genex Brasil - Blog","robots":{"index":"index","follow":"follow","max-snippet":"max-snippet:-1","max-image-preview":"max-image-preview:large","max-video-preview":"max-video-preview:-1"},"canonical":"https:\/\/genexbrasil.com.br\/blog\/encontrosqueconectam2edicao\/","og_locale":"pt_BR","og_type":"article","og_title":"Est\u00e1 chegando: 2\u00aa Edi\u00e7\u00e3o Encontros que Conectam Mulheres - Genex Brasil - Blog","og_description":"Nos dias 13 e 14 de mar\u00e7o de 2025, a cidade de Uberaba (MG) ter\u00e1, pelo segundo ano consecutivo, um evento encantador para as mulheres: &#8220;Encontros que Conectam Mulheres \u2013 Edi\u00e7\u00e3o: A Magia da Pecu\u00e1ria&#8221;. Com o objetivo de promover a troca de conhecimentos, debates sobre temas relevantes do agroneg\u00f3cio, com foco principal na pecu\u00e1ria, [&hellip;]","og_url":"https:\/\/genexbrasil.com.br\/blog\/encontrosqueconectam2edicao\/","og_site_name":"Genex Brasil - Blog","article_publisher":"https:\/\/www.facebook.com\/GENEXBrasil","article_published_time":"2025-01-28T22:42:14+00:00","article_modified_time":"2025-02-26T20:40:27+00:00","og_image":[{"width":750,"height":536,"url":"https:\/\/genexbrasil.com.br\/blog\/wp-content\/uploads\/2025\/01\/arte_mulheres-1.png","type":"image\/png"}],"author":"Genex Brasil","twitter_card":"summary_large_image","twitter_misc":{"Escrito por":"Genex Brasil","Est. tempo de leitura":"5 minutos"},"schema":{"@context":"https:\/\/schema.org","@graph":[{"@type":"Organization","@id":"https:\/\/genexbrasil.com.br\/blog\/#organization","name":"Genex Brasil","url":"https:\/\/genexbrasil.com.br\/blog\/","sameAs":["https:\/\/www.youtube.com\/c\/GENEXBrasil","https:\/\/www.instagram.com\/genexbrasil","https:\/\/www.linkedin.com\/company\/genexbrasil","https:\/\/www.facebook.com\/GENEXBrasil"],"logo":{"@type":"ImageObject","inLanguage":"pt-BR","@id":"https:\/\/genexbrasil.com.br\/blog\/#\/schema\/logo\/image\/","url":"http:\/\/genex.novasingular.com.br\/blog\/wp-content\/uploads\/2022\/07\/Logo-Genex-em-vetor.svg","contentUrl":"http:\/\/genex.novasingular.com.br\/blog\/wp-content\/uploads\/2022\/07\/Logo-Genex-em-vetor.svg","width":286,"height":60,"caption":"Genex Brasil"},"image":{"@id":"https:\/\/genexbrasil.com.br\/blog\/#\/schema\/logo\/image\/"}},{"@type":"WebSite","@id":"https:\/\/genexbrasil.com.br\/blog\/#website","url":"https:\/\/genexbrasil.com.br\/blog\/","name":"Genex Brasil - Blog","description":"A melhor gen\u00e9tica para o futuro do seu rebanho","publisher":{"@id":"https:\/\/genexbrasil.com.br\/blog\/#organization"},"potentialAction":[{"@type":"SearchAction","target":{"@type":"EntryPoint","urlTemplate":"https:\/\/genexbrasil.com.br\/blog\/?s={search_term_string}"},"query-input":"required name=search_term_string"}],"inLanguage":"pt-BR"},{"@type":"ImageObject","inLanguage":"pt-BR","@id":"https:\/\/genexbrasil.com.br\/blog\/encontrosqueconectam2edicao\/#primaryimage","url":"https:\/\/genexbrasil.com.br\/blog\/wp-content\/uploads\/2025\/01\/arte_mulheres-1.png","contentUrl":"https:\/\/genexbrasil.com.br\/blog\/wp-content\/uploads\/2025\/01\/arte_mulheres-1.png","width":750,"height":536},{"@type":"WebPage","@id":"https:\/\/genexbrasil.com.br\/blog\/encontrosqueconectam2edicao\/#webpage","url":"https:\/\/genexbrasil.com.br\/blog\/encontrosqueconectam2edicao\/","name":"Est\u00e1 chegando: 2\u00aa Edi\u00e7\u00e3o Encontros que Conectam Mulheres - Genex Brasil - Blog","isPartOf":{"@id":"https:\/\/genexbrasil.com.br\/blog\/#website"},"primaryImageOfPage":{"@id":"https:\/\/genexbrasil.com.br\/blog\/encontrosqueconectam2edicao\/#primaryimage"},"datePublished":"2025-01-28T22:42:14+00:00","dateModified":"2025-02-26T20:40:27+00:00","breadcrumb":{"@id":"https:\/\/genexbrasil.com.br\/blog\/encontrosqueconectam2edicao\/#breadcrumb"},"inLanguage":"pt-BR","potentialAction":[{"@type":"ReadAction","target":["https:\/\/genexbrasil.com.br\/blog\/encontrosqueconectam2edicao\/"]}]},{"@type":"BreadcrumbList","@id":"https:\/\/genexbrasil.com.br\/blog\/encontrosqueconectam2edicao\/#breadcrumb","itemListElement":[{"@type":"ListItem","position":1,"name":"In\u00edcio","item":"https:\/\/genexbrasil.com.br\/blog\/"},{"@type":"ListItem","position":2,"name":"Est\u00e1 chegando: 2\u00aa Edi\u00e7\u00e3o Encontros que Conectam Mulheres"}]},{"@type":"Article","@id":"https:\/\/genexbrasil.com.br\/blog\/encontrosqueconectam2edicao\/#article","isPartOf":{"@id":"https:\/\/genexbrasil.com.br\/blog\/encontrosqueconectam2edicao\/#webpage"},"author":{"name":"Genex Brasil","@id":"https:\/\/genexbrasil.com.br\/blog\/#\/schema\/person\/61c64d50ce4bc2af697920be39efd0d9"},"headline":"Est\u00e1 chegando: 2\u00aa Edi\u00e7\u00e3o Encontros que Conectam Mulheres","datePublished":"2025-01-28T22:42:14+00:00","dateModified":"2025-02-26T20:40:27+00:00","mainEntityOfPage":{"@id":"https:\/\/genexbrasil.com.br\/blog\/encontrosqueconectam2edicao\/#webpage"},"wordCount":1103,"commentCount":0,"publisher":{"@id":"https:\/\/genexbrasil.com.br\/blog\/#organization"},"image":{"@id":"https:\/\/genexbrasil.com.br\/blog\/encontrosqueconectam2edicao\/#primaryimage"},"thumbnailUrl":"https:\/\/genexbrasil.com.br\/blog\/wp-content\/uploads\/2025\/01\/arte_mulheres-1.png","keywords":["#pecuaria","evento","genex conecta","mulheres"],"articleSection":["Not\u00edcias"],"inLanguage":"pt-BR","potentialAction":[{"@type":"CommentAction","name":"Comment","target":["https:\/\/genexbrasil.com.br\/blog\/encontrosqueconectam2edicao\/#respond"]}]},{"@type":"Person","@id":"https:\/\/genexbrasil.com.br\/blog\/#\/schema\/person\/61c64d50ce4bc2af697920be39efd0d9","name":"Genex Brasil","image":{"@type":"ImageObject","inLanguage":"pt-BR","@id":"https:\/\/genexbrasil.com.br\/blog\/#\/schema\/person\/image\/","url":"https:\/\/genexbrasil.com.br\/blog\/wp-content\/uploads\/2022\/07\/genex-avatar-96x96.png","contentUrl":"https:\/\/genexbrasil.com.br\/blog\/wp-content\/uploads\/2022\/07\/genex-avatar-96x96.png","caption":"Genex Brasil"},"url":"https:\/\/genexbrasil.com.br\/blog\/author\/genex-brasil\/"}]}},"_links":{"self":[{"href":"https:\/\/genexbrasil.com.br\/blog\/wp-json\/wp\/v2\/posts\/519"}],"collection":[{"href":"https:\/\/genexbrasil.com.br\/blog\/wp-json\/wp\/v2\/posts"}],"about":[{"href":"https:\/\/genexbrasil.com.br\/blog\/wp-json\/wp\/v2\/types\/post"}],"author":[{"embeddable":true,"href":"https:\/\/genexbrasil.com.br\/blog\/wp-json\/wp\/v2\/users\/3"}],"replies":[{"embeddable":true,"href":"https:\/\/genexbrasil.com.br\/blog\/wp-json\/wp\/v2\/comments?post=519"}],"version-history":[{"count":25,"href":"https:\/\/genexbrasil.com.br\/blog\/wp-json\/wp\/v2\/posts\/519\/revisions"}],"predecessor-version":[{"id":555,"href":"https:\/\/genexbrasil.com.br\/blog\/wp-json\/wp\/v2\/posts\/519\/revisions\/555"}],"wp:featuredmedia":[{"embeddable":true,"href":"https:\/\/genexbrasil.com.br\/blog\/wp-json\/wp\/v2\/media\/544"}],"wp:attachment":[{"href":"https:\/\/genexbrasil.com.br\/blog\/wp-json\/wp\/v2\/media?parent=519"}],"wp:term":[{"taxonomy":"category","embeddable":true,"href":"https:\/\/genexbrasil.com.br\/blog\/wp-json\/wp\/v2\/categories?post=519"},{"taxonomy":"post_tag","embeddable":true,"href":"https:\/\/genexbrasil.com.br\/blog\/wp-json\/wp\/v2\/tags?post=519"}],"curies":[{"name":"wp","href":"https:\/\/api.w.org\/{rel}","templated":true}]}}