{"id":508,"date":"2024-12-17T11:36:09","date_gmt":"2024-12-17T13:36:09","guid":{"rendered":"https:\/\/genexbrasil.com.br\/blog\/?p=508"},"modified":"2024-12-17T11:37:09","modified_gmt":"2024-12-17T13:37:09","slug":"genex-recebe-delegacao-indiana-e-reforca-a-lideranca-brasileira-na-pecuaria-global","status":"publish","type":"post","link":"https:\/\/genexbrasil.com.br\/blog\/genex-recebe-delegacao-indiana-e-reforca-a-lideranca-brasileira-na-pecuaria-global\/","title":{"rendered":"Genex recebe delega\u00e7\u00e3o indiana e refor\u00e7a a lideran\u00e7a brasileira na pecu\u00e1ria global"},"content":{"rendered":"<p class=\"p1\">Na semana passada, a Central Genex, em Uberaba &#8211; MG, recebeu uma delega\u00e7\u00e3o de jornalistas e empres\u00e1rios indianos em visita oficial ao Brasil para conhecer de perto o setor agropecu\u00e1rio brasileiro, com foco especial na pecu\u00e1ria.<\/p>\n<p class=\"p1\">A visita integrou uma miss\u00e3o organizada pela ApexBrasil (Ag\u00eancia Brasileira de Promo\u00e7\u00e3o de Exporta\u00e7\u00f5es e Investimentos), que percorreu os estados de Minas Gerais, S\u00e3o Paulo, Rio de Janeiro e o Distrito Federal entre os dias 7 e 17 de dezembro de 2024.<\/p>\n<p class=\"p1\">Na Central Genex, o grupo teve a oportunidade de explorar as inova\u00e7\u00f5es aplicadas ao melhoramento gen\u00e9tico, incluindo os processos de coleta de s\u00eamen, manejo dos touros e tecnologias que v\u00eam transformando a produtividade dos rebanhos no Brasil e em diversos pa\u00edses. Durante a visita, a equipe da Genex apresentou solu\u00e7\u00f5es inovadoras e compartilhou informa\u00e7\u00f5es sobre o impacto positivo da gen\u00e9tica avan\u00e7ada tanto na pecu\u00e1ria de leite quanto na de corte.<\/p>\n<p class=\"p1\">A presen\u00e7a da delega\u00e7\u00e3o indiana refor\u00e7a o interesse global nas tecnologias que impulsionam a produ\u00e7\u00e3o agropecu\u00e1ria em \u00e1reas nas quais o Brasil \u00e9 uma refer\u00eancia mundial.<\/p>\n<p>&nbsp;<\/p>\n<p class=\"p1\"><b>Sobre a miss\u00e3o<\/b><br \/>\nCoordenada pela ApexBrasil, a miss\u00e3o teve como objetivo promover a troca de conhecimentos entre pa\u00edses, como Brasil e \u00cdndia, al\u00e9m de fortalecer o com\u00e9rcio e parcerias internacionais. A programa\u00e7\u00e3o incluiu visitas t\u00e9cnicas, reuni\u00f5es de neg\u00f3cios e apresenta\u00e7\u00f5es de solu\u00e7\u00f5es voltadas ao setor agropecu\u00e1rio.<\/p>\n<p class=\"p1\">A Genex Brasil se orgulha de ter contribu\u00eddo para essa iniciativa, compartilhando conhecimento, apresentando inova\u00e7\u00f5es e refor\u00e7ando o valor da pecu\u00e1ria brasileira no cen\u00e1rio global. Juntos, seguimos construindo pontes que fortalecem a pecu\u00e1ria mundial.<\/p>\n","protected":false},"excerpt":{"rendered":"<p>Na semana passada, a Central Genex, em Uberaba &#8211; MG, recebeu uma delega\u00e7\u00e3o de jornalistas e empres\u00e1rios indianos em visita oficial ao Brasil para conhecer de perto o setor agropecu\u00e1rio brasileiro, com foco especial na pecu\u00e1ria. A visita integrou uma miss\u00e3o organizada pela ApexBrasil (Ag\u00eancia Brasileira de Promo\u00e7\u00e3o de Exporta\u00e7\u00f5es e Investimentos), que percorreu os [&hellip;]<\/p>\n","protected":false},"author":3,"featured_media":509,"comment_status":"open","ping_status":"open","sticky":false,"template":"","format":"standard","meta":{"inline_featured_image":false,"footnotes":""},"categories":[1],"tags":[89,91,90,92],"yoast_head":"<!-- This site is optimized with the Yoast SEO plugin v19.2 - https:\/\/yoast.com\/wordpress\/plugins\/seo\/ -->\r\n<title>Genex recebe delega\u00e7\u00e3o indiana e refor\u00e7a a lideran\u00e7a brasileira na pecu\u00e1ria global - Genex Brasil - Blog<\/title>\r\n<meta name=\"robots\" content=\"index, follow, max-snippet:-1, max-image-preview:large, max-video-preview:-1\" \/>\r\n<link rel=\"canonical\" href=\"https:\/\/genexbrasil.com.br\/blog\/genex-recebe-delegacao-indiana-e-reforca-a-lideranca-brasileira-na-pecuaria-global\/\" \/>\r\n<meta property=\"og:locale\" content=\"pt_BR\" \/>\r\n<meta property=\"og:type\" content=\"article\" \/>\r\n<meta property=\"og:title\" content=\"Genex recebe delega\u00e7\u00e3o indiana e refor\u00e7a a lideran\u00e7a brasileira na pecu\u00e1ria global - Genex Brasil - Blog\" \/>\r\n<meta property=\"og:description\" content=\"Na semana passada, a Central Genex, em Uberaba &#8211; MG, recebeu uma delega\u00e7\u00e3o de jornalistas e empres\u00e1rios indianos em visita oficial ao Brasil para conhecer de perto o setor agropecu\u00e1rio brasileiro, com foco especial na pecu\u00e1ria. A visita integrou uma miss\u00e3o organizada pela ApexBrasil (Ag\u00eancia Brasileira de Promo\u00e7\u00e3o de Exporta\u00e7\u00f5es e Investimentos), que percorreu os [&hellip;]\" \/>\r\n<meta property=\"og:url\" content=\"https:\/\/genexbrasil.com.br\/blog\/genex-recebe-delegacao-indiana-e-reforca-a-lideranca-brasileira-na-pecuaria-global\/\" \/>\r\n<meta property=\"og:site_name\" content=\"Genex Brasil - Blog\" \/>\r\n<meta property=\"article:publisher\" content=\"https:\/\/www.facebook.com\/GENEXBrasil\" \/>\r\n<meta property=\"article:published_time\" content=\"2024-12-17T13:36:09+00:00\" \/>\r\n<meta property=\"article:modified_time\" content=\"2024-12-17T13:37:09+00:00\" \/>\r\n<meta property=\"og:image\" content=\"https:\/\/genexbrasil.com.br\/blog\/wp-content\/uploads\/2024\/12\/WhatsApp-Image-2024-12-17-at-09.37.17-scaled.jpeg\" \/>\r\n\t<meta property=\"og:image:width\" content=\"2560\" \/>\r\n\t<meta property=\"og:image:height\" content=\"1568\" \/>\r\n\t<meta property=\"og:image:type\" content=\"image\/jpeg\" \/>\r\n<meta name=\"author\" content=\"Genex Brasil\" \/>\r\n<meta name=\"twitter:card\" content=\"summary_large_image\" \/>\r\n<meta name=\"twitter:label1\" content=\"Escrito por\" \/>\n\t<meta name=\"twitter:data1\" content=\"Genex Brasil\" \/>\n\t<meta name=\"twitter:label2\" content=\"Est. tempo de leitura\" \/>\n\t<meta name=\"twitter:data2\" content=\"1 minuto\" \/>\r\n<script type=\"application\/ld+json\" class=\"yoast-schema-graph\">{\"@context\":\"https:\/\/schema.org\",\"@graph\":[{\"@type\":\"Organization\",\"@id\":\"https:\/\/genexbrasil.com.br\/blog\/#organization\",\"name\":\"Genex Brasil\",\"url\":\"https:\/\/genexbrasil.com.br\/blog\/\",\"sameAs\":[\"https:\/\/www.youtube.com\/c\/GENEXBrasil\",\"https:\/\/www.instagram.com\/genexbrasil\",\"https:\/\/www.linkedin.com\/company\/genexbrasil\",\"https:\/\/www.facebook.com\/GENEXBrasil\"],\"logo\":{\"@type\":\"ImageObject\",\"inLanguage\":\"pt-BR\",\"@id\":\"https:\/\/genexbrasil.com.br\/blog\/#\/schema\/logo\/image\/\",\"url\":\"http:\/\/genex.novasingular.com.br\/blog\/wp-content\/uploads\/2022\/07\/Logo-Genex-em-vetor.svg\",\"contentUrl\":\"http:\/\/genex.novasingular.com.br\/blog\/wp-content\/uploads\/2022\/07\/Logo-Genex-em-vetor.svg\",\"width\":286,\"height\":60,\"caption\":\"Genex Brasil\"},\"image\":{\"@id\":\"https:\/\/genexbrasil.com.br\/blog\/#\/schema\/logo\/image\/\"}},{\"@type\":\"WebSite\",\"@id\":\"https:\/\/genexbrasil.com.br\/blog\/#website\",\"url\":\"https:\/\/genexbrasil.com.br\/blog\/\",\"name\":\"Genex Brasil - Blog\",\"description\":\"A melhor gen\u00e9tica para o futuro do seu rebanho\",\"publisher\":{\"@id\":\"https:\/\/genexbrasil.com.br\/blog\/#organization\"},\"potentialAction\":[{\"@type\":\"SearchAction\",\"target\":{\"@type\":\"EntryPoint\",\"urlTemplate\":\"https:\/\/genexbrasil.com.br\/blog\/?s={search_term_string}\"},\"query-input\":\"required name=search_term_string\"}],\"inLanguage\":\"pt-BR\"},{\"@type\":\"ImageObject\",\"inLanguage\":\"pt-BR\",\"@id\":\"https:\/\/genexbrasil.com.br\/blog\/genex-recebe-delegacao-indiana-e-reforca-a-lideranca-brasileira-na-pecuaria-global\/#primaryimage\",\"url\":\"https:\/\/genexbrasil.com.br\/blog\/wp-content\/uploads\/2024\/12\/WhatsApp-Image-2024-12-17-at-09.37.17-scaled.jpeg\",\"contentUrl\":\"https:\/\/genexbrasil.com.br\/blog\/wp-content\/uploads\/2024\/12\/WhatsApp-Image-2024-12-17-at-09.37.17-scaled.jpeg\",\"width\":2560,\"height\":1568},{\"@type\":\"WebPage\",\"@id\":\"https:\/\/genexbrasil.com.br\/blog\/genex-recebe-delegacao-indiana-e-reforca-a-lideranca-brasileira-na-pecuaria-global\/#webpage\",\"url\":\"https:\/\/genexbrasil.com.br\/blog\/genex-recebe-delegacao-indiana-e-reforca-a-lideranca-brasileira-na-pecuaria-global\/\",\"name\":\"Genex recebe delega\u00e7\u00e3o indiana e refor\u00e7a a lideran\u00e7a brasileira na pecu\u00e1ria global - Genex Brasil - Blog\",\"isPartOf\":{\"@id\":\"https:\/\/genexbrasil.com.br\/blog\/#website\"},\"primaryImageOfPage\":{\"@id\":\"https:\/\/genexbrasil.com.br\/blog\/genex-recebe-delegacao-indiana-e-reforca-a-lideranca-brasileira-na-pecuaria-global\/#primaryimage\"},\"datePublished\":\"2024-12-17T13:36:09+00:00\",\"dateModified\":\"2024-12-17T13:37:09+00:00\",\"breadcrumb\":{\"@id\":\"https:\/\/genexbrasil.com.br\/blog\/genex-recebe-delegacao-indiana-e-reforca-a-lideranca-brasileira-na-pecuaria-global\/#breadcrumb\"},\"inLanguage\":\"pt-BR\",\"potentialAction\":[{\"@type\":\"ReadAction\",\"target\":[\"https:\/\/genexbrasil.com.br\/blog\/genex-recebe-delegacao-indiana-e-reforca-a-lideranca-brasileira-na-pecuaria-global\/\"]}]},{\"@type\":\"BreadcrumbList\",\"@id\":\"https:\/\/genexbrasil.com.br\/blog\/genex-recebe-delegacao-indiana-e-reforca-a-lideranca-brasileira-na-pecuaria-global\/#breadcrumb\",\"itemListElement\":[{\"@type\":\"ListItem\",\"position\":1,\"name\":\"In\u00edcio\",\"item\":\"https:\/\/genexbrasil.com.br\/blog\/\"},{\"@type\":\"ListItem\",\"position\":2,\"name\":\"Genex recebe delega\u00e7\u00e3o indiana e refor\u00e7a a lideran\u00e7a brasileira na pecu\u00e1ria global\"}]},{\"@type\":\"Article\",\"@id\":\"https:\/\/genexbrasil.com.br\/blog\/genex-recebe-delegacao-indiana-e-reforca-a-lideranca-brasileira-na-pecuaria-global\/#article\",\"isPartOf\":{\"@id\":\"https:\/\/genexbrasil.com.br\/blog\/genex-recebe-delegacao-indiana-e-reforca-a-lideranca-brasileira-na-pecuaria-global\/#webpage\"},\"author\":{\"name\":\"Genex Brasil\",\"@id\":\"https:\/\/genexbrasil.com.br\/blog\/#\/schema\/person\/61c64d50ce4bc2af697920be39efd0d9\"},\"headline\":\"Genex recebe delega\u00e7\u00e3o indiana e refor\u00e7a a lideran\u00e7a brasileira na pecu\u00e1ria global\",\"datePublished\":\"2024-12-17T13:36:09+00:00\",\"dateModified\":\"2024-12-17T13:37:09+00:00\",\"mainEntityOfPage\":{\"@id\":\"https:\/\/genexbrasil.com.br\/blog\/genex-recebe-delegacao-indiana-e-reforca-a-lideranca-brasileira-na-pecuaria-global\/#webpage\"},\"wordCount\":314,\"commentCount\":0,\"publisher\":{\"@id\":\"https:\/\/genexbrasil.com.br\/blog\/#organization\"},\"image\":{\"@id\":\"https:\/\/genexbrasil.com.br\/blog\/genex-recebe-delegacao-indiana-e-reforca-a-lideranca-brasileira-na-pecuaria-global\/#primaryimage\"},\"thumbnailUrl\":\"https:\/\/genexbrasil.com.br\/blog\/wp-content\/uploads\/2024\/12\/WhatsApp-Image-2024-12-17-at-09.37.17-scaled.jpeg\",\"keywords\":[\"apex\",\"central genex\",\"india\",\"touros genex\"],\"inLanguage\":\"pt-BR\",\"potentialAction\":[{\"@type\":\"CommentAction\",\"name\":\"Comment\",\"target\":[\"https:\/\/genexbrasil.com.br\/blog\/genex-recebe-delegacao-indiana-e-reforca-a-lideranca-brasileira-na-pecuaria-global\/#respond\"]}]},{\"@type\":\"Person\",\"@id\":\"https:\/\/genexbrasil.com.br\/blog\/#\/schema\/person\/61c64d50ce4bc2af697920be39efd0d9\",\"name\":\"Genex Brasil\",\"image\":{\"@type\":\"ImageObject\",\"inLanguage\":\"pt-BR\",\"@id\":\"https:\/\/genexbrasil.com.br\/blog\/#\/schema\/person\/image\/\",\"url\":\"https:\/\/genexbrasil.com.br\/blog\/wp-content\/uploads\/2022\/07\/genex-avatar-96x96.png\",\"contentUrl\":\"https:\/\/genexbrasil.com.br\/blog\/wp-content\/uploads\/2022\/07\/genex-avatar-96x96.png\",\"caption\":\"Genex Brasil\"},\"url\":\"https:\/\/genexbrasil.com.br\/blog\/author\/genex-brasil\/\"}]}<\/script>\r\n<!-- \/ Yoast SEO plugin. -->","yoast_head_json":{"title":"Genex recebe delega\u00e7\u00e3o indiana e refor\u00e7a a lideran\u00e7a brasileira na pecu\u00e1ria global - Genex Brasil - Blog","robots":{"index":"index","follow":"follow","max-snippet":"max-snippet:-1","max-image-preview":"max-image-preview:large","max-video-preview":"max-video-preview:-1"},"canonical":"https:\/\/genexbrasil.com.br\/blog\/genex-recebe-delegacao-indiana-e-reforca-a-lideranca-brasileira-na-pecuaria-global\/","og_locale":"pt_BR","og_type":"article","og_title":"Genex recebe delega\u00e7\u00e3o indiana e refor\u00e7a a lideran\u00e7a brasileira na pecu\u00e1ria global - Genex Brasil - Blog","og_description":"Na semana passada, a Central Genex, em Uberaba &#8211; MG, recebeu uma delega\u00e7\u00e3o de jornalistas e empres\u00e1rios indianos em visita oficial ao Brasil para conhecer de perto o setor agropecu\u00e1rio brasileiro, com foco especial na pecu\u00e1ria. A visita integrou uma miss\u00e3o organizada pela ApexBrasil (Ag\u00eancia Brasileira de Promo\u00e7\u00e3o de Exporta\u00e7\u00f5es e Investimentos), que percorreu os [&hellip;]","og_url":"https:\/\/genexbrasil.com.br\/blog\/genex-recebe-delegacao-indiana-e-reforca-a-lideranca-brasileira-na-pecuaria-global\/","og_site_name":"Genex Brasil - Blog","article_publisher":"https:\/\/www.facebook.com\/GENEXBrasil","article_published_time":"2024-12-17T13:36:09+00:00","article_modified_time":"2024-12-17T13:37:09+00:00","og_image":[{"width":2560,"height":1568,"url":"https:\/\/genexbrasil.com.br\/blog\/wp-content\/uploads\/2024\/12\/WhatsApp-Image-2024-12-17-at-09.37.17-scaled.jpeg","type":"image\/jpeg"}],"author":"Genex Brasil","twitter_card":"summary_large_image","twitter_misc":{"Escrito por":"Genex Brasil","Est. tempo de leitura":"1 minuto"},"schema":{"@context":"https:\/\/schema.org","@graph":[{"@type":"Organization","@id":"https:\/\/genexbrasil.com.br\/blog\/#organization","name":"Genex Brasil","url":"https:\/\/genexbrasil.com.br\/blog\/","sameAs":["https:\/\/www.youtube.com\/c\/GENEXBrasil","https:\/\/www.instagram.com\/genexbrasil","https:\/\/www.linkedin.com\/company\/genexbrasil","https:\/\/www.facebook.com\/GENEXBrasil"],"logo":{"@type":"ImageObject","inLanguage":"pt-BR","@id":"https:\/\/genexbrasil.com.br\/blog\/#\/schema\/logo\/image\/","url":"http:\/\/genex.novasingular.com.br\/blog\/wp-content\/uploads\/2022\/07\/Logo-Genex-em-vetor.svg","contentUrl":"http:\/\/genex.novasingular.com.br\/blog\/wp-content\/uploads\/2022\/07\/Logo-Genex-em-vetor.svg","width":286,"height":60,"caption":"Genex Brasil"},"image":{"@id":"https:\/\/genexbrasil.com.br\/blog\/#\/schema\/logo\/image\/"}},{"@type":"WebSite","@id":"https:\/\/genexbrasil.com.br\/blog\/#website","url":"https:\/\/genexbrasil.com.br\/blog\/","name":"Genex Brasil - Blog","description":"A melhor gen\u00e9tica para o futuro do seu rebanho","publisher":{"@id":"https:\/\/genexbrasil.com.br\/blog\/#organization"},"potentialAction":[{"@type":"SearchAction","target":{"@type":"EntryPoint","urlTemplate":"https:\/\/genexbrasil.com.br\/blog\/?s={search_term_string}"},"query-input":"required name=search_term_string"}],"inLanguage":"pt-BR"},{"@type":"ImageObject","inLanguage":"pt-BR","@id":"https:\/\/genexbrasil.com.br\/blog\/genex-recebe-delegacao-indiana-e-reforca-a-lideranca-brasileira-na-pecuaria-global\/#primaryimage","url":"https:\/\/genexbrasil.com.br\/blog\/wp-content\/uploads\/2024\/12\/WhatsApp-Image-2024-12-17-at-09.37.17-scaled.jpeg","contentUrl":"https:\/\/genexbrasil.com.br\/blog\/wp-content\/uploads\/2024\/12\/WhatsApp-Image-2024-12-17-at-09.37.17-scaled.jpeg","width":2560,"height":1568},{"@type":"WebPage","@id":"https:\/\/genexbrasil.com.br\/blog\/genex-recebe-delegacao-indiana-e-reforca-a-lideranca-brasileira-na-pecuaria-global\/#webpage","url":"https:\/\/genexbrasil.com.br\/blog\/genex-recebe-delegacao-indiana-e-reforca-a-lideranca-brasileira-na-pecuaria-global\/","name":"Genex recebe delega\u00e7\u00e3o indiana e refor\u00e7a a lideran\u00e7a brasileira na pecu\u00e1ria global - Genex Brasil - Blog","isPartOf":{"@id":"https:\/\/genexbrasil.com.br\/blog\/#website"},"primaryImageOfPage":{"@id":"https:\/\/genexbrasil.com.br\/blog\/genex-recebe-delegacao-indiana-e-reforca-a-lideranca-brasileira-na-pecuaria-global\/#primaryimage"},"datePublished":"2024-12-17T13:36:09+00:00","dateModified":"2024-12-17T13:37:09+00:00","breadcrumb":{"@id":"https:\/\/genexbrasil.com.br\/blog\/genex-recebe-delegacao-indiana-e-reforca-a-lideranca-brasileira-na-pecuaria-global\/#breadcrumb"},"inLanguage":"pt-BR","potentialAction":[{"@type":"ReadAction","target":["https:\/\/genexbrasil.com.br\/blog\/genex-recebe-delegacao-indiana-e-reforca-a-lideranca-brasileira-na-pecuaria-global\/"]}]},{"@type":"BreadcrumbList","@id":"https:\/\/genexbrasil.com.br\/blog\/genex-recebe-delegacao-indiana-e-reforca-a-lideranca-brasileira-na-pecuaria-global\/#breadcrumb","itemListElement":[{"@type":"ListItem","position":1,"name":"In\u00edcio","item":"https:\/\/genexbrasil.com.br\/blog\/"},{"@type":"ListItem","position":2,"name":"Genex recebe delega\u00e7\u00e3o indiana e refor\u00e7a a lideran\u00e7a brasileira na pecu\u00e1ria global"}]},{"@type":"Article","@id":"https:\/\/genexbrasil.com.br\/blog\/genex-recebe-delegacao-indiana-e-reforca-a-lideranca-brasileira-na-pecuaria-global\/#article","isPartOf":{"@id":"https:\/\/genexbrasil.com.br\/blog\/genex-recebe-delegacao-indiana-e-reforca-a-lideranca-brasileira-na-pecuaria-global\/#webpage"},"author":{"name":"Genex Brasil","@id":"https:\/\/genexbrasil.com.br\/blog\/#\/schema\/person\/61c64d50ce4bc2af697920be39efd0d9"},"headline":"Genex recebe delega\u00e7\u00e3o indiana e refor\u00e7a a lideran\u00e7a brasileira na pecu\u00e1ria global","datePublished":"2024-12-17T13:36:09+00:00","dateModified":"2024-12-17T13:37:09+00:00","mainEntityOfPage":{"@id":"https:\/\/genexbrasil.com.br\/blog\/genex-recebe-delegacao-indiana-e-reforca-a-lideranca-brasileira-na-pecuaria-global\/#webpage"},"wordCount":314,"commentCount":0,"publisher":{"@id":"https:\/\/genexbrasil.com.br\/blog\/#organization"},"image":{"@id":"https:\/\/genexbrasil.com.br\/blog\/genex-recebe-delegacao-indiana-e-reforca-a-lideranca-brasileira-na-pecuaria-global\/#primaryimage"},"thumbnailUrl":"https:\/\/genexbrasil.com.br\/blog\/wp-content\/uploads\/2024\/12\/WhatsApp-Image-2024-12-17-at-09.37.17-scaled.jpeg","keywords":["apex","central genex","india","touros genex"],"inLanguage":"pt-BR","potentialAction":[{"@type":"CommentAction","name":"Comment","target":["https:\/\/genexbrasil.com.br\/blog\/genex-recebe-delegacao-indiana-e-reforca-a-lideranca-brasileira-na-pecuaria-global\/#respond"]}]},{"@type":"Person","@id":"https:\/\/genexbrasil.com.br\/blog\/#\/schema\/person\/61c64d50ce4bc2af697920be39efd0d9","name":"Genex Brasil","image":{"@type":"ImageObject","inLanguage":"pt-BR","@id":"https:\/\/genexbrasil.com.br\/blog\/#\/schema\/person\/image\/","url":"https:\/\/genexbrasil.com.br\/blog\/wp-content\/uploads\/2022\/07\/genex-avatar-96x96.png","contentUrl":"https:\/\/genexbrasil.com.br\/blog\/wp-content\/uploads\/2022\/07\/genex-avatar-96x96.png","caption":"Genex Brasil"},"url":"https:\/\/genexbrasil.com.br\/blog\/author\/genex-brasil\/"}]}},"_links":{"self":[{"href":"https:\/\/genexbrasil.com.br\/blog\/wp-json\/wp\/v2\/posts\/508"}],"collection":[{"href":"https:\/\/genexbrasil.com.br\/blog\/wp-json\/wp\/v2\/posts"}],"about":[{"href":"https:\/\/genexbrasil.com.br\/blog\/wp-json\/wp\/v2\/types\/post"}],"author":[{"embeddable":true,"href":"https:\/\/genexbrasil.com.br\/blog\/wp-json\/wp\/v2\/users\/3"}],"replies":[{"embeddable":true,"href":"https:\/\/genexbrasil.com.br\/blog\/wp-json\/wp\/v2\/comments?post=508"}],"version-history":[{"count":1,"href":"https:\/\/genexbrasil.com.br\/blog\/wp-json\/wp\/v2\/posts\/508\/revisions"}],"predecessor-version":[{"id":510,"href":"https:\/\/genexbrasil.com.br\/blog\/wp-json\/wp\/v2\/posts\/508\/revisions\/510"}],"wp:featuredmedia":[{"embeddable":true,"href":"https:\/\/genexbrasil.com.br\/blog\/wp-json\/wp\/v2\/media\/509"}],"wp:attachment":[{"href":"https:\/\/genexbrasil.com.br\/blog\/wp-json\/wp\/v2\/media?parent=508"}],"wp:term":[{"taxonomy":"category","embeddable":true,"href":"https:\/\/genexbrasil.com.br\/blog\/wp-json\/wp\/v2\/categories?post=508"},{"taxonomy":"post_tag","embeddable":true,"href":"https:\/\/genexbrasil.com.br\/blog\/wp-json\/wp\/v2\/tags?post=508"}],"curies":[{"name":"wp","href":"https:\/\/api.w.org\/{rel}","templated":true}]}}