{"id":462,"date":"2024-07-01T13:16:33","date_gmt":"2024-07-01T16:16:33","guid":{"rendered":"https:\/\/genexbrasil.com.br\/blog\/?p=462"},"modified":"2024-07-01T13:28:53","modified_gmt":"2024-07-01T16:28:53","slug":"evento-encontros-que-conectam-pecuaristas-discute-o-bezerro-do-futuro-no-ms","status":"publish","type":"post","link":"https:\/\/genexbrasil.com.br\/blog\/evento-encontros-que-conectam-pecuaristas-discute-o-bezerro-do-futuro-no-ms\/","title":{"rendered":"Evento \u201cEncontros que Conectam \u2013 Pecuaristas\u201d discute o bezerro do futuro, no MS"},"content":{"rendered":"<p class=\"s11\"><span class=\"s9\">Qual o cen\u00e1rio para o bezerro do futuro? De acordo com Gustavo Freitas, coordenador de Projetos Corte da GENEX Brasil, o entendimento do ciclo pecu\u00e1rio \u00e9 crucial para o sucesso na pecu\u00e1ria, especialmente agora, com foco em garantir lucro com os bezerros de 2025. \u201cO mercado determina o ciclo pecu\u00e1rio, sendo essencial ajustar estrat\u00e9gias conforme as fases de alta e baixa. Precisamos ter planejamento e uma vis\u00e3o de futuro, pois o ciclo pecu\u00e1rio sempre existiu<\/span><span class=\"s9\">. <\/span><span class=\"s9\">Por exemplo<\/span><span class=\"s9\">,<\/span><span class=\"s9\"> a \u00e9poca seca, de geadas e escassez de forragem sempre existiu<\/span><span class=\"s9\">,<\/span><span class=\"s9\"> mas voc\u00ea se planejou para tal? Muitas vezes nos deixamos levar e somos surpreendidos por algo j\u00e1 esperado. Desta forma, vamos aproveitas as oportunidades da fase de baixa e planejar o nosso futuro, discutir o bezerro do futuro. Aumentar o estoque de arrobas e investir em tecnologias como gen\u00e9tica, reprodu\u00e7\u00e3o, sanidade, nutri\u00e7\u00e3o, gest\u00e3o de processos e pessoas s\u00e3o cruciais para aumentar os lucros com os bezerros de 2025\u201d, explica<\/span><span class=\"s9\"> Freitas<\/span><span class=\"s9\">.<\/span><\/p>\n<p class=\"s11\"><span class=\"s9\">Os riscos, oportunidades e outras proje\u00e7\u00f5es para este cen\u00e1rio ser\u00e3o discutidos no dia 13 de Julho, durante o \u201cEncontros que Conectam \u2013 Pecuaristas\u201d, no Mato Grosso do Sul. Ao longo do encontro, haver\u00e1 ainda muita troca de experi\u00eancia e conhecimento em reprodu\u00e7\u00e3o bovina, o impacto de uma boa gen\u00e9tica e cases de fazendas que investiram numa estrat\u00e9gia reprodutiva assertiva para elevar a produtividade, como a fazenda Sete Estrelas, em Terenos (MS), que inclusive \u00e9 o local escolhido para a realiza\u00e7\u00e3o do evento.<\/span><\/p>\n<p class=\"s11\"><strong><span class=\"s9\">O \u201cEncontros que Conectam \u2013 Pecuarista\u201d \u00e9 uma iniciativa GENEX Brasil com a proposta de integrar produtores e difundir tecnologias para o avan\u00e7o da atividade pecu\u00e1ria.<\/span><\/strong><\/p>\n<p><img decoding=\"async\" loading=\"lazy\" class=\"alignnone size-full wp-image-464\" src=\"https:\/\/genexbrasil.com.br\/blog\/wp-content\/uploads\/2024\/07\/GENEX-Encontro-Convite-por-whatsapp-atualizado.png\" alt=\"\" width=\"902\" height=\"1280\" srcset=\"https:\/\/genexbrasil.com.br\/blog\/wp-content\/uploads\/2024\/07\/GENEX-Encontro-Convite-por-whatsapp-atualizado.png 902w, https:\/\/genexbrasil.com.br\/blog\/wp-content\/uploads\/2024\/07\/GENEX-Encontro-Convite-por-whatsapp-atualizado-211x300.png 211w, https:\/\/genexbrasil.com.br\/blog\/wp-content\/uploads\/2024\/07\/GENEX-Encontro-Convite-por-whatsapp-atualizado-722x1024.png 722w, https:\/\/genexbrasil.com.br\/blog\/wp-content\/uploads\/2024\/07\/GENEX-Encontro-Convite-por-whatsapp-atualizado-768x1090.png 768w, https:\/\/genexbrasil.com.br\/blog\/wp-content\/uploads\/2024\/07\/GENEX-Encontro-Convite-por-whatsapp-atualizado-750x1064.png 750w\" sizes=\"(max-width: 902px) 100vw, 902px\" \/><\/p>\n","protected":false},"excerpt":{"rendered":"<p>Qual o cen\u00e1rio para o bezerro do futuro? De acordo com Gustavo Freitas, coordenador de Projetos Corte da GENEX Brasil, o entendimento do ciclo pecu\u00e1rio \u00e9 crucial para o sucesso na pecu\u00e1ria, especialmente agora, com foco em garantir lucro com os bezerros de 2025. \u201cO mercado determina o ciclo pecu\u00e1rio, sendo essencial ajustar estrat\u00e9gias conforme [&hellip;]<\/p>\n","protected":false},"author":3,"featured_media":467,"comment_status":"open","ping_status":"open","sticky":false,"template":"","format":"standard","meta":{"inline_featured_image":false,"footnotes":""},"categories":[5],"tags":[],"yoast_head":"<!-- This site is optimized with the Yoast SEO plugin v19.2 - https:\/\/yoast.com\/wordpress\/plugins\/seo\/ -->\r\n<title>Evento \u201cEncontros que Conectam \u2013 Pecuaristas\u201d discute o bezerro do futuro, no MS - Genex Brasil - Blog<\/title>\r\n<meta name=\"robots\" content=\"index, follow, max-snippet:-1, max-image-preview:large, max-video-preview:-1\" \/>\r\n<link rel=\"canonical\" href=\"https:\/\/genexbrasil.com.br\/blog\/evento-encontros-que-conectam-pecuaristas-discute-o-bezerro-do-futuro-no-ms\/\" \/>\r\n<meta property=\"og:locale\" content=\"pt_BR\" \/>\r\n<meta property=\"og:type\" content=\"article\" \/>\r\n<meta property=\"og:title\" content=\"Evento \u201cEncontros que Conectam \u2013 Pecuaristas\u201d discute o bezerro do futuro, no MS - Genex Brasil - Blog\" \/>\r\n<meta property=\"og:description\" content=\"Qual o cen\u00e1rio para o bezerro do futuro? De acordo com Gustavo Freitas, coordenador de Projetos Corte da GENEX Brasil, o entendimento do ciclo pecu\u00e1rio \u00e9 crucial para o sucesso na pecu\u00e1ria, especialmente agora, com foco em garantir lucro com os bezerros de 2025. \u201cO mercado determina o ciclo pecu\u00e1rio, sendo essencial ajustar estrat\u00e9gias conforme [&hellip;]\" \/>\r\n<meta property=\"og:url\" content=\"https:\/\/genexbrasil.com.br\/blog\/evento-encontros-que-conectam-pecuaristas-discute-o-bezerro-do-futuro-no-ms\/\" \/>\r\n<meta property=\"og:site_name\" content=\"Genex Brasil - Blog\" \/>\r\n<meta property=\"article:publisher\" content=\"https:\/\/www.facebook.com\/GENEXBrasil\" \/>\r\n<meta property=\"article:published_time\" content=\"2024-07-01T16:16:33+00:00\" \/>\r\n<meta property=\"article:modified_time\" content=\"2024-07-01T16:28:53+00:00\" \/>\r\n<meta property=\"og:image\" content=\"https:\/\/genexbrasil.com.br\/blog\/wp-content\/uploads\/2024\/07\/imagem-site-e1719851142246.png\" \/>\r\n\t<meta property=\"og:image:width\" content=\"1080\" \/>\r\n\t<meta property=\"og:image:height\" content=\"712\" \/>\r\n\t<meta property=\"og:image:type\" content=\"image\/png\" \/>\r\n<meta name=\"author\" content=\"Genex Brasil\" \/>\r\n<meta name=\"twitter:card\" content=\"summary_large_image\" \/>\r\n<meta name=\"twitter:label1\" content=\"Escrito por\" \/>\n\t<meta name=\"twitter:data1\" content=\"Genex Brasil\" \/>\n\t<meta name=\"twitter:label2\" content=\"Est. tempo de leitura\" \/>\n\t<meta name=\"twitter:data2\" content=\"1 minuto\" \/>\r\n<script type=\"application\/ld+json\" class=\"yoast-schema-graph\">{\"@context\":\"https:\/\/schema.org\",\"@graph\":[{\"@type\":\"Organization\",\"@id\":\"https:\/\/genexbrasil.com.br\/blog\/#organization\",\"name\":\"Genex Brasil\",\"url\":\"https:\/\/genexbrasil.com.br\/blog\/\",\"sameAs\":[\"https:\/\/www.youtube.com\/c\/GENEXBrasil\",\"https:\/\/www.instagram.com\/genexbrasil\",\"https:\/\/www.linkedin.com\/company\/genexbrasil\",\"https:\/\/www.facebook.com\/GENEXBrasil\"],\"logo\":{\"@type\":\"ImageObject\",\"inLanguage\":\"pt-BR\",\"@id\":\"https:\/\/genexbrasil.com.br\/blog\/#\/schema\/logo\/image\/\",\"url\":\"http:\/\/genex.novasingular.com.br\/blog\/wp-content\/uploads\/2022\/07\/Logo-Genex-em-vetor.svg\",\"contentUrl\":\"http:\/\/genex.novasingular.com.br\/blog\/wp-content\/uploads\/2022\/07\/Logo-Genex-em-vetor.svg\",\"width\":286,\"height\":60,\"caption\":\"Genex Brasil\"},\"image\":{\"@id\":\"https:\/\/genexbrasil.com.br\/blog\/#\/schema\/logo\/image\/\"}},{\"@type\":\"WebSite\",\"@id\":\"https:\/\/genexbrasil.com.br\/blog\/#website\",\"url\":\"https:\/\/genexbrasil.com.br\/blog\/\",\"name\":\"Genex Brasil - Blog\",\"description\":\"A melhor gen\u00e9tica para o futuro do seu rebanho\",\"publisher\":{\"@id\":\"https:\/\/genexbrasil.com.br\/blog\/#organization\"},\"potentialAction\":[{\"@type\":\"SearchAction\",\"target\":{\"@type\":\"EntryPoint\",\"urlTemplate\":\"https:\/\/genexbrasil.com.br\/blog\/?s={search_term_string}\"},\"query-input\":\"required name=search_term_string\"}],\"inLanguage\":\"pt-BR\"},{\"@type\":\"ImageObject\",\"inLanguage\":\"pt-BR\",\"@id\":\"https:\/\/genexbrasil.com.br\/blog\/evento-encontros-que-conectam-pecuaristas-discute-o-bezerro-do-futuro-no-ms\/#primaryimage\",\"url\":\"https:\/\/genexbrasil.com.br\/blog\/wp-content\/uploads\/2024\/07\/imagem-site-e1719851142246.png\",\"contentUrl\":\"https:\/\/genexbrasil.com.br\/blog\/wp-content\/uploads\/2024\/07\/imagem-site-e1719851142246.png\",\"width\":1080,\"height\":712},{\"@type\":\"WebPage\",\"@id\":\"https:\/\/genexbrasil.com.br\/blog\/evento-encontros-que-conectam-pecuaristas-discute-o-bezerro-do-futuro-no-ms\/#webpage\",\"url\":\"https:\/\/genexbrasil.com.br\/blog\/evento-encontros-que-conectam-pecuaristas-discute-o-bezerro-do-futuro-no-ms\/\",\"name\":\"Evento \u201cEncontros que Conectam \u2013 Pecuaristas\u201d discute o bezerro do futuro, no MS - Genex Brasil - Blog\",\"isPartOf\":{\"@id\":\"https:\/\/genexbrasil.com.br\/blog\/#website\"},\"primaryImageOfPage\":{\"@id\":\"https:\/\/genexbrasil.com.br\/blog\/evento-encontros-que-conectam-pecuaristas-discute-o-bezerro-do-futuro-no-ms\/#primaryimage\"},\"datePublished\":\"2024-07-01T16:16:33+00:00\",\"dateModified\":\"2024-07-01T16:28:53+00:00\",\"breadcrumb\":{\"@id\":\"https:\/\/genexbrasil.com.br\/blog\/evento-encontros-que-conectam-pecuaristas-discute-o-bezerro-do-futuro-no-ms\/#breadcrumb\"},\"inLanguage\":\"pt-BR\",\"potentialAction\":[{\"@type\":\"ReadAction\",\"target\":[\"https:\/\/genexbrasil.com.br\/blog\/evento-encontros-que-conectam-pecuaristas-discute-o-bezerro-do-futuro-no-ms\/\"]}]},{\"@type\":\"BreadcrumbList\",\"@id\":\"https:\/\/genexbrasil.com.br\/blog\/evento-encontros-que-conectam-pecuaristas-discute-o-bezerro-do-futuro-no-ms\/#breadcrumb\",\"itemListElement\":[{\"@type\":\"ListItem\",\"position\":1,\"name\":\"In\u00edcio\",\"item\":\"https:\/\/genexbrasil.com.br\/blog\/\"},{\"@type\":\"ListItem\",\"position\":2,\"name\":\"Evento \u201cEncontros que Conectam \u2013 Pecuaristas\u201d discute o bezerro do futuro, no MS\"}]},{\"@type\":\"Article\",\"@id\":\"https:\/\/genexbrasil.com.br\/blog\/evento-encontros-que-conectam-pecuaristas-discute-o-bezerro-do-futuro-no-ms\/#article\",\"isPartOf\":{\"@id\":\"https:\/\/genexbrasil.com.br\/blog\/evento-encontros-que-conectam-pecuaristas-discute-o-bezerro-do-futuro-no-ms\/#webpage\"},\"author\":{\"name\":\"Genex Brasil\",\"@id\":\"https:\/\/genexbrasil.com.br\/blog\/#\/schema\/person\/61c64d50ce4bc2af697920be39efd0d9\"},\"headline\":\"Evento \u201cEncontros que Conectam \u2013 Pecuaristas\u201d discute o bezerro do futuro, no MS\",\"datePublished\":\"2024-07-01T16:16:33+00:00\",\"dateModified\":\"2024-07-01T16:28:53+00:00\",\"mainEntityOfPage\":{\"@id\":\"https:\/\/genexbrasil.com.br\/blog\/evento-encontros-que-conectam-pecuaristas-discute-o-bezerro-do-futuro-no-ms\/#webpage\"},\"wordCount\":307,\"commentCount\":0,\"publisher\":{\"@id\":\"https:\/\/genexbrasil.com.br\/blog\/#organization\"},\"image\":{\"@id\":\"https:\/\/genexbrasil.com.br\/blog\/evento-encontros-que-conectam-pecuaristas-discute-o-bezerro-do-futuro-no-ms\/#primaryimage\"},\"thumbnailUrl\":\"https:\/\/genexbrasil.com.br\/blog\/wp-content\/uploads\/2024\/07\/imagem-site-e1719851142246.png\",\"articleSection\":[\"Not\u00edcias\"],\"inLanguage\":\"pt-BR\",\"potentialAction\":[{\"@type\":\"CommentAction\",\"name\":\"Comment\",\"target\":[\"https:\/\/genexbrasil.com.br\/blog\/evento-encontros-que-conectam-pecuaristas-discute-o-bezerro-do-futuro-no-ms\/#respond\"]}]},{\"@type\":\"Person\",\"@id\":\"https:\/\/genexbrasil.com.br\/blog\/#\/schema\/person\/61c64d50ce4bc2af697920be39efd0d9\",\"name\":\"Genex Brasil\",\"image\":{\"@type\":\"ImageObject\",\"inLanguage\":\"pt-BR\",\"@id\":\"https:\/\/genexbrasil.com.br\/blog\/#\/schema\/person\/image\/\",\"url\":\"https:\/\/genexbrasil.com.br\/blog\/wp-content\/uploads\/2022\/07\/genex-avatar-96x96.png\",\"contentUrl\":\"https:\/\/genexbrasil.com.br\/blog\/wp-content\/uploads\/2022\/07\/genex-avatar-96x96.png\",\"caption\":\"Genex Brasil\"},\"url\":\"https:\/\/genexbrasil.com.br\/blog\/author\/genex-brasil\/\"}]}<\/script>\r\n<!-- \/ Yoast SEO plugin. -->","yoast_head_json":{"title":"Evento \u201cEncontros que Conectam \u2013 Pecuaristas\u201d discute o bezerro do futuro, no MS - Genex Brasil - Blog","robots":{"index":"index","follow":"follow","max-snippet":"max-snippet:-1","max-image-preview":"max-image-preview:large","max-video-preview":"max-video-preview:-1"},"canonical":"https:\/\/genexbrasil.com.br\/blog\/evento-encontros-que-conectam-pecuaristas-discute-o-bezerro-do-futuro-no-ms\/","og_locale":"pt_BR","og_type":"article","og_title":"Evento \u201cEncontros que Conectam \u2013 Pecuaristas\u201d discute o bezerro do futuro, no MS - Genex Brasil - Blog","og_description":"Qual o cen\u00e1rio para o bezerro do futuro? De acordo com Gustavo Freitas, coordenador de Projetos Corte da GENEX Brasil, o entendimento do ciclo pecu\u00e1rio \u00e9 crucial para o sucesso na pecu\u00e1ria, especialmente agora, com foco em garantir lucro com os bezerros de 2025. \u201cO mercado determina o ciclo pecu\u00e1rio, sendo essencial ajustar estrat\u00e9gias conforme [&hellip;]","og_url":"https:\/\/genexbrasil.com.br\/blog\/evento-encontros-que-conectam-pecuaristas-discute-o-bezerro-do-futuro-no-ms\/","og_site_name":"Genex Brasil - Blog","article_publisher":"https:\/\/www.facebook.com\/GENEXBrasil","article_published_time":"2024-07-01T16:16:33+00:00","article_modified_time":"2024-07-01T16:28:53+00:00","og_image":[{"width":1080,"height":712,"url":"https:\/\/genexbrasil.com.br\/blog\/wp-content\/uploads\/2024\/07\/imagem-site-e1719851142246.png","type":"image\/png"}],"author":"Genex Brasil","twitter_card":"summary_large_image","twitter_misc":{"Escrito por":"Genex Brasil","Est. tempo de leitura":"1 minuto"},"schema":{"@context":"https:\/\/schema.org","@graph":[{"@type":"Organization","@id":"https:\/\/genexbrasil.com.br\/blog\/#organization","name":"Genex Brasil","url":"https:\/\/genexbrasil.com.br\/blog\/","sameAs":["https:\/\/www.youtube.com\/c\/GENEXBrasil","https:\/\/www.instagram.com\/genexbrasil","https:\/\/www.linkedin.com\/company\/genexbrasil","https:\/\/www.facebook.com\/GENEXBrasil"],"logo":{"@type":"ImageObject","inLanguage":"pt-BR","@id":"https:\/\/genexbrasil.com.br\/blog\/#\/schema\/logo\/image\/","url":"http:\/\/genex.novasingular.com.br\/blog\/wp-content\/uploads\/2022\/07\/Logo-Genex-em-vetor.svg","contentUrl":"http:\/\/genex.novasingular.com.br\/blog\/wp-content\/uploads\/2022\/07\/Logo-Genex-em-vetor.svg","width":286,"height":60,"caption":"Genex Brasil"},"image":{"@id":"https:\/\/genexbrasil.com.br\/blog\/#\/schema\/logo\/image\/"}},{"@type":"WebSite","@id":"https:\/\/genexbrasil.com.br\/blog\/#website","url":"https:\/\/genexbrasil.com.br\/blog\/","name":"Genex Brasil - Blog","description":"A melhor gen\u00e9tica para o futuro do seu rebanho","publisher":{"@id":"https:\/\/genexbrasil.com.br\/blog\/#organization"},"potentialAction":[{"@type":"SearchAction","target":{"@type":"EntryPoint","urlTemplate":"https:\/\/genexbrasil.com.br\/blog\/?s={search_term_string}"},"query-input":"required name=search_term_string"}],"inLanguage":"pt-BR"},{"@type":"ImageObject","inLanguage":"pt-BR","@id":"https:\/\/genexbrasil.com.br\/blog\/evento-encontros-que-conectam-pecuaristas-discute-o-bezerro-do-futuro-no-ms\/#primaryimage","url":"https:\/\/genexbrasil.com.br\/blog\/wp-content\/uploads\/2024\/07\/imagem-site-e1719851142246.png","contentUrl":"https:\/\/genexbrasil.com.br\/blog\/wp-content\/uploads\/2024\/07\/imagem-site-e1719851142246.png","width":1080,"height":712},{"@type":"WebPage","@id":"https:\/\/genexbrasil.com.br\/blog\/evento-encontros-que-conectam-pecuaristas-discute-o-bezerro-do-futuro-no-ms\/#webpage","url":"https:\/\/genexbrasil.com.br\/blog\/evento-encontros-que-conectam-pecuaristas-discute-o-bezerro-do-futuro-no-ms\/","name":"Evento \u201cEncontros que Conectam \u2013 Pecuaristas\u201d discute o bezerro do futuro, no MS - Genex Brasil - Blog","isPartOf":{"@id":"https:\/\/genexbrasil.com.br\/blog\/#website"},"primaryImageOfPage":{"@id":"https:\/\/genexbrasil.com.br\/blog\/evento-encontros-que-conectam-pecuaristas-discute-o-bezerro-do-futuro-no-ms\/#primaryimage"},"datePublished":"2024-07-01T16:16:33+00:00","dateModified":"2024-07-01T16:28:53+00:00","breadcrumb":{"@id":"https:\/\/genexbrasil.com.br\/blog\/evento-encontros-que-conectam-pecuaristas-discute-o-bezerro-do-futuro-no-ms\/#breadcrumb"},"inLanguage":"pt-BR","potentialAction":[{"@type":"ReadAction","target":["https:\/\/genexbrasil.com.br\/blog\/evento-encontros-que-conectam-pecuaristas-discute-o-bezerro-do-futuro-no-ms\/"]}]},{"@type":"BreadcrumbList","@id":"https:\/\/genexbrasil.com.br\/blog\/evento-encontros-que-conectam-pecuaristas-discute-o-bezerro-do-futuro-no-ms\/#breadcrumb","itemListElement":[{"@type":"ListItem","position":1,"name":"In\u00edcio","item":"https:\/\/genexbrasil.com.br\/blog\/"},{"@type":"ListItem","position":2,"name":"Evento \u201cEncontros que Conectam \u2013 Pecuaristas\u201d discute o bezerro do futuro, no MS"}]},{"@type":"Article","@id":"https:\/\/genexbrasil.com.br\/blog\/evento-encontros-que-conectam-pecuaristas-discute-o-bezerro-do-futuro-no-ms\/#article","isPartOf":{"@id":"https:\/\/genexbrasil.com.br\/blog\/evento-encontros-que-conectam-pecuaristas-discute-o-bezerro-do-futuro-no-ms\/#webpage"},"author":{"name":"Genex Brasil","@id":"https:\/\/genexbrasil.com.br\/blog\/#\/schema\/person\/61c64d50ce4bc2af697920be39efd0d9"},"headline":"Evento \u201cEncontros que Conectam \u2013 Pecuaristas\u201d discute o bezerro do futuro, no MS","datePublished":"2024-07-01T16:16:33+00:00","dateModified":"2024-07-01T16:28:53+00:00","mainEntityOfPage":{"@id":"https:\/\/genexbrasil.com.br\/blog\/evento-encontros-que-conectam-pecuaristas-discute-o-bezerro-do-futuro-no-ms\/#webpage"},"wordCount":307,"commentCount":0,"publisher":{"@id":"https:\/\/genexbrasil.com.br\/blog\/#organization"},"image":{"@id":"https:\/\/genexbrasil.com.br\/blog\/evento-encontros-que-conectam-pecuaristas-discute-o-bezerro-do-futuro-no-ms\/#primaryimage"},"thumbnailUrl":"https:\/\/genexbrasil.com.br\/blog\/wp-content\/uploads\/2024\/07\/imagem-site-e1719851142246.png","articleSection":["Not\u00edcias"],"inLanguage":"pt-BR","potentialAction":[{"@type":"CommentAction","name":"Comment","target":["https:\/\/genexbrasil.com.br\/blog\/evento-encontros-que-conectam-pecuaristas-discute-o-bezerro-do-futuro-no-ms\/#respond"]}]},{"@type":"Person","@id":"https:\/\/genexbrasil.com.br\/blog\/#\/schema\/person\/61c64d50ce4bc2af697920be39efd0d9","name":"Genex Brasil","image":{"@type":"ImageObject","inLanguage":"pt-BR","@id":"https:\/\/genexbrasil.com.br\/blog\/#\/schema\/person\/image\/","url":"https:\/\/genexbrasil.com.br\/blog\/wp-content\/uploads\/2022\/07\/genex-avatar-96x96.png","contentUrl":"https:\/\/genexbrasil.com.br\/blog\/wp-content\/uploads\/2022\/07\/genex-avatar-96x96.png","caption":"Genex Brasil"},"url":"https:\/\/genexbrasil.com.br\/blog\/author\/genex-brasil\/"}]}},"_links":{"self":[{"href":"https:\/\/genexbrasil.com.br\/blog\/wp-json\/wp\/v2\/posts\/462"}],"collection":[{"href":"https:\/\/genexbrasil.com.br\/blog\/wp-json\/wp\/v2\/posts"}],"about":[{"href":"https:\/\/genexbrasil.com.br\/blog\/wp-json\/wp\/v2\/types\/post"}],"author":[{"embeddable":true,"href":"https:\/\/genexbrasil.com.br\/blog\/wp-json\/wp\/v2\/users\/3"}],"replies":[{"embeddable":true,"href":"https:\/\/genexbrasil.com.br\/blog\/wp-json\/wp\/v2\/comments?post=462"}],"version-history":[{"count":3,"href":"https:\/\/genexbrasil.com.br\/blog\/wp-json\/wp\/v2\/posts\/462\/revisions"}],"predecessor-version":[{"id":469,"href":"https:\/\/genexbrasil.com.br\/blog\/wp-json\/wp\/v2\/posts\/462\/revisions\/469"}],"wp:featuredmedia":[{"embeddable":true,"href":"https:\/\/genexbrasil.com.br\/blog\/wp-json\/wp\/v2\/media\/467"}],"wp:attachment":[{"href":"https:\/\/genexbrasil.com.br\/blog\/wp-json\/wp\/v2\/media?parent=462"}],"wp:term":[{"taxonomy":"category","embeddable":true,"href":"https:\/\/genexbrasil.com.br\/blog\/wp-json\/wp\/v2\/categories?post=462"},{"taxonomy":"post_tag","embeddable":true,"href":"https:\/\/genexbrasil.com.br\/blog\/wp-json\/wp\/v2\/tags?post=462"}],"curies":[{"name":"wp","href":"https:\/\/api.w.org\/{rel}","templated":true}]}}