{"id":425,"date":"2024-04-30T18:26:27","date_gmt":"2024-04-30T21:26:27","guid":{"rendered":"https:\/\/genexbrasil.com.br\/blog\/?p=425"},"modified":"2024-04-30T18:27:22","modified_gmt":"2024-04-30T21:27:22","slug":"genex-brasil-promove-desfile-de-animais-durante-a-89a-expozebu-2","status":"publish","type":"post","link":"https:\/\/genexbrasil.com.br\/blog\/genex-brasil-promove-desfile-de-animais-durante-a-89a-expozebu-2\/","title":{"rendered":"GENEX Brasil promove desfile de animais durante a 89\u00aa EXPOZEBU"},"content":{"rendered":"<p>Mais de 300 visitantes da 89\u00aa EXPOZEBU, principal evento mundial de ra\u00e7as zebu\u00ednas, clientes, pecuaristas e entusiastas da pecu\u00e1ria do Brasil todo, participaram do primeiro desfile realizado na Central GENEX Uberaba, Minas Gerais. \u201cForam mais de 20 animais da ra\u00e7a Nelore que desfilaram para o p\u00fablico, na nova estrutura de apresenta\u00e7\u00e3o de touros\u201d, comenta Juliana Ferragute, Gerente de Mercado Corte da GENEX Brasil.<\/p>\n<p>A 89\u00aa EXPOZEBU vai at\u00e9 5 de maio, no Parque Fernando Costa. Durante todos os dias do evento, a Central GENEX est\u00e1 aberta para receber convidados para uma experi\u00eancia de visita\u00e7\u00e3o. \u201cAl\u00e9m de conhecer ao vivo a nossa bateria de touros, selecionados no que chamamos de Padr\u00e3o GENEX, o visitante tem a oportunidade de conhecer a nossa hist\u00f3ria, filosofia de sele\u00e7\u00e3o gen\u00e9tica e demais servi\u00e7os que podemos agregar em seus rebanhos\u201d, complementa Juliana.<br \/>\nA central GENEX est\u00e1 localizada na Rodovia\u00a0050\u00a0|\u00a0KM\u00a0158.<\/p>\n","protected":false},"excerpt":{"rendered":"<p>Mais de 300 visitantes da 89\u00aa EXPOZEBU, principal evento mundial de ra\u00e7as zebu\u00ednas, clientes, pecuaristas e entusiastas da pecu\u00e1ria do Brasil todo, participaram do primeiro desfile realizado na Central GENEX Uberaba, Minas Gerais. \u201cForam mais de 20 animais da ra\u00e7a Nelore que desfilaram para o p\u00fablico, na nova estrutura de apresenta\u00e7\u00e3o de touros\u201d, comenta Juliana [&hellip;]<\/p>\n","protected":false},"author":3,"featured_media":426,"comment_status":"open","ping_status":"open","sticky":false,"template":"","format":"standard","meta":{"inline_featured_image":false,"footnotes":""},"categories":[5],"tags":[],"yoast_head":"<!-- This site is optimized with the Yoast SEO plugin v19.2 - https:\/\/yoast.com\/wordpress\/plugins\/seo\/ -->\r\n<title>GENEX Brasil promove desfile de animais durante a 89\u00aa EXPOZEBU - Genex Brasil - Blog<\/title>\r\n<meta name=\"robots\" content=\"index, follow, max-snippet:-1, max-image-preview:large, max-video-preview:-1\" \/>\r\n<link rel=\"canonical\" href=\"https:\/\/genexbrasil.com.br\/blog\/genex-brasil-promove-desfile-de-animais-durante-a-89a-expozebu-2\/\" \/>\r\n<meta property=\"og:locale\" content=\"pt_BR\" \/>\r\n<meta property=\"og:type\" content=\"article\" \/>\r\n<meta property=\"og:title\" content=\"GENEX Brasil promove desfile de animais durante a 89\u00aa EXPOZEBU - Genex Brasil - Blog\" \/>\r\n<meta property=\"og:description\" content=\"Mais de 300 visitantes da 89\u00aa EXPOZEBU, principal evento mundial de ra\u00e7as zebu\u00ednas, clientes, pecuaristas e entusiastas da pecu\u00e1ria do Brasil todo, participaram do primeiro desfile realizado na Central GENEX Uberaba, Minas Gerais. \u201cForam mais de 20 animais da ra\u00e7a Nelore que desfilaram para o p\u00fablico, na nova estrutura de apresenta\u00e7\u00e3o de touros\u201d, comenta Juliana [&hellip;]\" \/>\r\n<meta property=\"og:url\" content=\"https:\/\/genexbrasil.com.br\/blog\/genex-brasil-promove-desfile-de-animais-durante-a-89a-expozebu-2\/\" \/>\r\n<meta property=\"og:site_name\" content=\"Genex Brasil - Blog\" \/>\r\n<meta property=\"article:publisher\" content=\"https:\/\/www.facebook.com\/GENEXBrasil\" \/>\r\n<meta property=\"article:published_time\" content=\"2024-04-30T21:26:27+00:00\" \/>\r\n<meta property=\"article:modified_time\" content=\"2024-04-30T21:27:22+00:00\" \/>\r\n<meta property=\"og:image\" content=\"https:\/\/genexbrasil.com.br\/blog\/wp-content\/uploads\/2024\/04\/WhatsApp-Image-2024-04-30-at-18.01.28.jpeg\" \/>\r\n\t<meta property=\"og:image:width\" content=\"1600\" \/>\r\n\t<meta property=\"og:image:height\" content=\"1200\" \/>\r\n\t<meta property=\"og:image:type\" content=\"image\/jpeg\" \/>\r\n<meta name=\"author\" content=\"Genex Brasil\" \/>\r\n<meta name=\"twitter:card\" content=\"summary_large_image\" \/>\r\n<meta name=\"twitter:label1\" content=\"Escrito por\" \/>\n\t<meta name=\"twitter:data1\" content=\"Genex Brasil\" \/>\n\t<meta name=\"twitter:label2\" content=\"Est. tempo de leitura\" \/>\n\t<meta name=\"twitter:data2\" content=\"1 minuto\" \/>\r\n<script type=\"application\/ld+json\" class=\"yoast-schema-graph\">{\"@context\":\"https:\/\/schema.org\",\"@graph\":[{\"@type\":\"Organization\",\"@id\":\"https:\/\/genexbrasil.com.br\/blog\/#organization\",\"name\":\"Genex Brasil\",\"url\":\"https:\/\/genexbrasil.com.br\/blog\/\",\"sameAs\":[\"https:\/\/www.youtube.com\/c\/GENEXBrasil\",\"https:\/\/www.instagram.com\/genexbrasil\",\"https:\/\/www.linkedin.com\/company\/genexbrasil\",\"https:\/\/www.facebook.com\/GENEXBrasil\"],\"logo\":{\"@type\":\"ImageObject\",\"inLanguage\":\"pt-BR\",\"@id\":\"https:\/\/genexbrasil.com.br\/blog\/#\/schema\/logo\/image\/\",\"url\":\"http:\/\/genex.novasingular.com.br\/blog\/wp-content\/uploads\/2022\/07\/Logo-Genex-em-vetor.svg\",\"contentUrl\":\"http:\/\/genex.novasingular.com.br\/blog\/wp-content\/uploads\/2022\/07\/Logo-Genex-em-vetor.svg\",\"width\":286,\"height\":60,\"caption\":\"Genex Brasil\"},\"image\":{\"@id\":\"https:\/\/genexbrasil.com.br\/blog\/#\/schema\/logo\/image\/\"}},{\"@type\":\"WebSite\",\"@id\":\"https:\/\/genexbrasil.com.br\/blog\/#website\",\"url\":\"https:\/\/genexbrasil.com.br\/blog\/\",\"name\":\"Genex Brasil - Blog\",\"description\":\"A melhor gen\u00e9tica para o futuro do seu rebanho\",\"publisher\":{\"@id\":\"https:\/\/genexbrasil.com.br\/blog\/#organization\"},\"potentialAction\":[{\"@type\":\"SearchAction\",\"target\":{\"@type\":\"EntryPoint\",\"urlTemplate\":\"https:\/\/genexbrasil.com.br\/blog\/?s={search_term_string}\"},\"query-input\":\"required name=search_term_string\"}],\"inLanguage\":\"pt-BR\"},{\"@type\":\"ImageObject\",\"inLanguage\":\"pt-BR\",\"@id\":\"https:\/\/genexbrasil.com.br\/blog\/genex-brasil-promove-desfile-de-animais-durante-a-89a-expozebu-2\/#primaryimage\",\"url\":\"https:\/\/genexbrasil.com.br\/blog\/wp-content\/uploads\/2024\/04\/WhatsApp-Image-2024-04-30-at-18.01.28.jpeg\",\"contentUrl\":\"https:\/\/genexbrasil.com.br\/blog\/wp-content\/uploads\/2024\/04\/WhatsApp-Image-2024-04-30-at-18.01.28.jpeg\",\"width\":1600,\"height\":1200},{\"@type\":\"WebPage\",\"@id\":\"https:\/\/genexbrasil.com.br\/blog\/genex-brasil-promove-desfile-de-animais-durante-a-89a-expozebu-2\/#webpage\",\"url\":\"https:\/\/genexbrasil.com.br\/blog\/genex-brasil-promove-desfile-de-animais-durante-a-89a-expozebu-2\/\",\"name\":\"GENEX Brasil promove desfile de animais durante a 89\u00aa EXPOZEBU - Genex Brasil - Blog\",\"isPartOf\":{\"@id\":\"https:\/\/genexbrasil.com.br\/blog\/#website\"},\"primaryImageOfPage\":{\"@id\":\"https:\/\/genexbrasil.com.br\/blog\/genex-brasil-promove-desfile-de-animais-durante-a-89a-expozebu-2\/#primaryimage\"},\"datePublished\":\"2024-04-30T21:26:27+00:00\",\"dateModified\":\"2024-04-30T21:27:22+00:00\",\"breadcrumb\":{\"@id\":\"https:\/\/genexbrasil.com.br\/blog\/genex-brasil-promove-desfile-de-animais-durante-a-89a-expozebu-2\/#breadcrumb\"},\"inLanguage\":\"pt-BR\",\"potentialAction\":[{\"@type\":\"ReadAction\",\"target\":[\"https:\/\/genexbrasil.com.br\/blog\/genex-brasil-promove-desfile-de-animais-durante-a-89a-expozebu-2\/\"]}]},{\"@type\":\"BreadcrumbList\",\"@id\":\"https:\/\/genexbrasil.com.br\/blog\/genex-brasil-promove-desfile-de-animais-durante-a-89a-expozebu-2\/#breadcrumb\",\"itemListElement\":[{\"@type\":\"ListItem\",\"position\":1,\"name\":\"In\u00edcio\",\"item\":\"https:\/\/genexbrasil.com.br\/blog\/\"},{\"@type\":\"ListItem\",\"position\":2,\"name\":\"GENEX Brasil promove desfile de animais durante a 89\u00aa EXPOZEBU\"}]},{\"@type\":\"Article\",\"@id\":\"https:\/\/genexbrasil.com.br\/blog\/genex-brasil-promove-desfile-de-animais-durante-a-89a-expozebu-2\/#article\",\"isPartOf\":{\"@id\":\"https:\/\/genexbrasil.com.br\/blog\/genex-brasil-promove-desfile-de-animais-durante-a-89a-expozebu-2\/#webpage\"},\"author\":{\"name\":\"Genex Brasil\",\"@id\":\"https:\/\/genexbrasil.com.br\/blog\/#\/schema\/person\/61c64d50ce4bc2af697920be39efd0d9\"},\"headline\":\"GENEX Brasil promove desfile de animais durante a 89\u00aa EXPOZEBU\",\"datePublished\":\"2024-04-30T21:26:27+00:00\",\"dateModified\":\"2024-04-30T21:27:22+00:00\",\"mainEntityOfPage\":{\"@id\":\"https:\/\/genexbrasil.com.br\/blog\/genex-brasil-promove-desfile-de-animais-durante-a-89a-expozebu-2\/#webpage\"},\"wordCount\":170,\"commentCount\":0,\"publisher\":{\"@id\":\"https:\/\/genexbrasil.com.br\/blog\/#organization\"},\"image\":{\"@id\":\"https:\/\/genexbrasil.com.br\/blog\/genex-brasil-promove-desfile-de-animais-durante-a-89a-expozebu-2\/#primaryimage\"},\"thumbnailUrl\":\"https:\/\/genexbrasil.com.br\/blog\/wp-content\/uploads\/2024\/04\/WhatsApp-Image-2024-04-30-at-18.01.28.jpeg\",\"articleSection\":[\"Not\u00edcias\"],\"inLanguage\":\"pt-BR\",\"potentialAction\":[{\"@type\":\"CommentAction\",\"name\":\"Comment\",\"target\":[\"https:\/\/genexbrasil.com.br\/blog\/genex-brasil-promove-desfile-de-animais-durante-a-89a-expozebu-2\/#respond\"]}]},{\"@type\":\"Person\",\"@id\":\"https:\/\/genexbrasil.com.br\/blog\/#\/schema\/person\/61c64d50ce4bc2af697920be39efd0d9\",\"name\":\"Genex Brasil\",\"image\":{\"@type\":\"ImageObject\",\"inLanguage\":\"pt-BR\",\"@id\":\"https:\/\/genexbrasil.com.br\/blog\/#\/schema\/person\/image\/\",\"url\":\"https:\/\/genexbrasil.com.br\/blog\/wp-content\/uploads\/2022\/07\/genex-avatar-96x96.png\",\"contentUrl\":\"https:\/\/genexbrasil.com.br\/blog\/wp-content\/uploads\/2022\/07\/genex-avatar-96x96.png\",\"caption\":\"Genex Brasil\"},\"url\":\"https:\/\/genexbrasil.com.br\/blog\/author\/genex-brasil\/\"}]}<\/script>\r\n<!-- \/ Yoast SEO plugin. -->","yoast_head_json":{"title":"GENEX Brasil promove desfile de animais durante a 89\u00aa EXPOZEBU - Genex Brasil - Blog","robots":{"index":"index","follow":"follow","max-snippet":"max-snippet:-1","max-image-preview":"max-image-preview:large","max-video-preview":"max-video-preview:-1"},"canonical":"https:\/\/genexbrasil.com.br\/blog\/genex-brasil-promove-desfile-de-animais-durante-a-89a-expozebu-2\/","og_locale":"pt_BR","og_type":"article","og_title":"GENEX Brasil promove desfile de animais durante a 89\u00aa EXPOZEBU - Genex Brasil - Blog","og_description":"Mais de 300 visitantes da 89\u00aa EXPOZEBU, principal evento mundial de ra\u00e7as zebu\u00ednas, clientes, pecuaristas e entusiastas da pecu\u00e1ria do Brasil todo, participaram do primeiro desfile realizado na Central GENEX Uberaba, Minas Gerais. \u201cForam mais de 20 animais da ra\u00e7a Nelore que desfilaram para o p\u00fablico, na nova estrutura de apresenta\u00e7\u00e3o de touros\u201d, comenta Juliana [&hellip;]","og_url":"https:\/\/genexbrasil.com.br\/blog\/genex-brasil-promove-desfile-de-animais-durante-a-89a-expozebu-2\/","og_site_name":"Genex Brasil - Blog","article_publisher":"https:\/\/www.facebook.com\/GENEXBrasil","article_published_time":"2024-04-30T21:26:27+00:00","article_modified_time":"2024-04-30T21:27:22+00:00","og_image":[{"width":1600,"height":1200,"url":"https:\/\/genexbrasil.com.br\/blog\/wp-content\/uploads\/2024\/04\/WhatsApp-Image-2024-04-30-at-18.01.28.jpeg","type":"image\/jpeg"}],"author":"Genex Brasil","twitter_card":"summary_large_image","twitter_misc":{"Escrito por":"Genex Brasil","Est. tempo de leitura":"1 minuto"},"schema":{"@context":"https:\/\/schema.org","@graph":[{"@type":"Organization","@id":"https:\/\/genexbrasil.com.br\/blog\/#organization","name":"Genex Brasil","url":"https:\/\/genexbrasil.com.br\/blog\/","sameAs":["https:\/\/www.youtube.com\/c\/GENEXBrasil","https:\/\/www.instagram.com\/genexbrasil","https:\/\/www.linkedin.com\/company\/genexbrasil","https:\/\/www.facebook.com\/GENEXBrasil"],"logo":{"@type":"ImageObject","inLanguage":"pt-BR","@id":"https:\/\/genexbrasil.com.br\/blog\/#\/schema\/logo\/image\/","url":"http:\/\/genex.novasingular.com.br\/blog\/wp-content\/uploads\/2022\/07\/Logo-Genex-em-vetor.svg","contentUrl":"http:\/\/genex.novasingular.com.br\/blog\/wp-content\/uploads\/2022\/07\/Logo-Genex-em-vetor.svg","width":286,"height":60,"caption":"Genex Brasil"},"image":{"@id":"https:\/\/genexbrasil.com.br\/blog\/#\/schema\/logo\/image\/"}},{"@type":"WebSite","@id":"https:\/\/genexbrasil.com.br\/blog\/#website","url":"https:\/\/genexbrasil.com.br\/blog\/","name":"Genex Brasil - Blog","description":"A melhor gen\u00e9tica para o futuro do seu rebanho","publisher":{"@id":"https:\/\/genexbrasil.com.br\/blog\/#organization"},"potentialAction":[{"@type":"SearchAction","target":{"@type":"EntryPoint","urlTemplate":"https:\/\/genexbrasil.com.br\/blog\/?s={search_term_string}"},"query-input":"required name=search_term_string"}],"inLanguage":"pt-BR"},{"@type":"ImageObject","inLanguage":"pt-BR","@id":"https:\/\/genexbrasil.com.br\/blog\/genex-brasil-promove-desfile-de-animais-durante-a-89a-expozebu-2\/#primaryimage","url":"https:\/\/genexbrasil.com.br\/blog\/wp-content\/uploads\/2024\/04\/WhatsApp-Image-2024-04-30-at-18.01.28.jpeg","contentUrl":"https:\/\/genexbrasil.com.br\/blog\/wp-content\/uploads\/2024\/04\/WhatsApp-Image-2024-04-30-at-18.01.28.jpeg","width":1600,"height":1200},{"@type":"WebPage","@id":"https:\/\/genexbrasil.com.br\/blog\/genex-brasil-promove-desfile-de-animais-durante-a-89a-expozebu-2\/#webpage","url":"https:\/\/genexbrasil.com.br\/blog\/genex-brasil-promove-desfile-de-animais-durante-a-89a-expozebu-2\/","name":"GENEX Brasil promove desfile de animais durante a 89\u00aa EXPOZEBU - Genex Brasil - Blog","isPartOf":{"@id":"https:\/\/genexbrasil.com.br\/blog\/#website"},"primaryImageOfPage":{"@id":"https:\/\/genexbrasil.com.br\/blog\/genex-brasil-promove-desfile-de-animais-durante-a-89a-expozebu-2\/#primaryimage"},"datePublished":"2024-04-30T21:26:27+00:00","dateModified":"2024-04-30T21:27:22+00:00","breadcrumb":{"@id":"https:\/\/genexbrasil.com.br\/blog\/genex-brasil-promove-desfile-de-animais-durante-a-89a-expozebu-2\/#breadcrumb"},"inLanguage":"pt-BR","potentialAction":[{"@type":"ReadAction","target":["https:\/\/genexbrasil.com.br\/blog\/genex-brasil-promove-desfile-de-animais-durante-a-89a-expozebu-2\/"]}]},{"@type":"BreadcrumbList","@id":"https:\/\/genexbrasil.com.br\/blog\/genex-brasil-promove-desfile-de-animais-durante-a-89a-expozebu-2\/#breadcrumb","itemListElement":[{"@type":"ListItem","position":1,"name":"In\u00edcio","item":"https:\/\/genexbrasil.com.br\/blog\/"},{"@type":"ListItem","position":2,"name":"GENEX Brasil promove desfile de animais durante a 89\u00aa EXPOZEBU"}]},{"@type":"Article","@id":"https:\/\/genexbrasil.com.br\/blog\/genex-brasil-promove-desfile-de-animais-durante-a-89a-expozebu-2\/#article","isPartOf":{"@id":"https:\/\/genexbrasil.com.br\/blog\/genex-brasil-promove-desfile-de-animais-durante-a-89a-expozebu-2\/#webpage"},"author":{"name":"Genex Brasil","@id":"https:\/\/genexbrasil.com.br\/blog\/#\/schema\/person\/61c64d50ce4bc2af697920be39efd0d9"},"headline":"GENEX Brasil promove desfile de animais durante a 89\u00aa EXPOZEBU","datePublished":"2024-04-30T21:26:27+00:00","dateModified":"2024-04-30T21:27:22+00:00","mainEntityOfPage":{"@id":"https:\/\/genexbrasil.com.br\/blog\/genex-brasil-promove-desfile-de-animais-durante-a-89a-expozebu-2\/#webpage"},"wordCount":170,"commentCount":0,"publisher":{"@id":"https:\/\/genexbrasil.com.br\/blog\/#organization"},"image":{"@id":"https:\/\/genexbrasil.com.br\/blog\/genex-brasil-promove-desfile-de-animais-durante-a-89a-expozebu-2\/#primaryimage"},"thumbnailUrl":"https:\/\/genexbrasil.com.br\/blog\/wp-content\/uploads\/2024\/04\/WhatsApp-Image-2024-04-30-at-18.01.28.jpeg","articleSection":["Not\u00edcias"],"inLanguage":"pt-BR","potentialAction":[{"@type":"CommentAction","name":"Comment","target":["https:\/\/genexbrasil.com.br\/blog\/genex-brasil-promove-desfile-de-animais-durante-a-89a-expozebu-2\/#respond"]}]},{"@type":"Person","@id":"https:\/\/genexbrasil.com.br\/blog\/#\/schema\/person\/61c64d50ce4bc2af697920be39efd0d9","name":"Genex Brasil","image":{"@type":"ImageObject","inLanguage":"pt-BR","@id":"https:\/\/genexbrasil.com.br\/blog\/#\/schema\/person\/image\/","url":"https:\/\/genexbrasil.com.br\/blog\/wp-content\/uploads\/2022\/07\/genex-avatar-96x96.png","contentUrl":"https:\/\/genexbrasil.com.br\/blog\/wp-content\/uploads\/2022\/07\/genex-avatar-96x96.png","caption":"Genex Brasil"},"url":"https:\/\/genexbrasil.com.br\/blog\/author\/genex-brasil\/"}]}},"_links":{"self":[{"href":"https:\/\/genexbrasil.com.br\/blog\/wp-json\/wp\/v2\/posts\/425"}],"collection":[{"href":"https:\/\/genexbrasil.com.br\/blog\/wp-json\/wp\/v2\/posts"}],"about":[{"href":"https:\/\/genexbrasil.com.br\/blog\/wp-json\/wp\/v2\/types\/post"}],"author":[{"embeddable":true,"href":"https:\/\/genexbrasil.com.br\/blog\/wp-json\/wp\/v2\/users\/3"}],"replies":[{"embeddable":true,"href":"https:\/\/genexbrasil.com.br\/blog\/wp-json\/wp\/v2\/comments?post=425"}],"version-history":[{"count":2,"href":"https:\/\/genexbrasil.com.br\/blog\/wp-json\/wp\/v2\/posts\/425\/revisions"}],"predecessor-version":[{"id":428,"href":"https:\/\/genexbrasil.com.br\/blog\/wp-json\/wp\/v2\/posts\/425\/revisions\/428"}],"wp:featuredmedia":[{"embeddable":true,"href":"https:\/\/genexbrasil.com.br\/blog\/wp-json\/wp\/v2\/media\/426"}],"wp:attachment":[{"href":"https:\/\/genexbrasil.com.br\/blog\/wp-json\/wp\/v2\/media?parent=425"}],"wp:term":[{"taxonomy":"category","embeddable":true,"href":"https:\/\/genexbrasil.com.br\/blog\/wp-json\/wp\/v2\/categories?post=425"},{"taxonomy":"post_tag","embeddable":true,"href":"https:\/\/genexbrasil.com.br\/blog\/wp-json\/wp\/v2\/tags?post=425"}],"curies":[{"name":"wp","href":"https:\/\/api.w.org\/{rel}","templated":true}]}}