{"id":330,"date":"2023-10-30T15:39:27","date_gmt":"2023-10-30T18:39:27","guid":{"rendered":"https:\/\/genexbrasil.com.br\/blog\/?p=330"},"modified":"2023-10-30T15:39:27","modified_gmt":"2023-10-30T18:39:27","slug":"1o-simposio-genex-conecta-reune-pecuaristas-e-estudantes-em-busca-de-producao-integrada-e-sustentavel","status":"publish","type":"post","link":"https:\/\/genexbrasil.com.br\/blog\/1o-simposio-genex-conecta-reune-pecuaristas-e-estudantes-em-busca-de-producao-integrada-e-sustentavel\/","title":{"rendered":"1\u00ba Simp\u00f3sio GENEX CONECTA re\u00fane pecuaristas e estudantes em busca de produ\u00e7\u00e3o integrada e sustent\u00e1vel"},"content":{"rendered":"<p>Lan\u00e7ado neste semestre, o programa GENEX Conecta \u00e9 uma iniciativa de acompanhamento t\u00e9cnico e educacional, estruturada de forma a conectar parceiros e solu\u00e7\u00f5es para o atendimento das v\u00e1rias esferas da pecu\u00e1ria de cria. O programa oferece uma abordagem 360 graus a clientes GENEX para potencializar processos gerenciais, nutricionais, reprodutivos e de gest\u00e3o das fazendas. Uma vertente forte do projeto \u00e9 a capacita\u00e7\u00e3o para propriet\u00e1rios, equipes, estudantes e entusiastas da pecu\u00e1ria.<\/p>\n<p>\u00c9 nesse sentido que o programa lan\u00e7a seu 1\u00ba Simp\u00f3sio Genex Conecta, que acontecer\u00e1 nos dias 06 e 07 de novembro, na sede do Campus GENEX, na Central GENEX, em Uberaba (MG) &#8211; BR 050, KM 158. Com participa\u00e7\u00e3o de mais de dez parceiros, o evento abordar\u00e1 desde a gest\u00e3o da informa\u00e7\u00e3o, passando por manejo reprodutivo at\u00e9 sustentabilidade na pecu\u00e1ria. As inscri\u00e7\u00f5es est\u00e3o abertas por meio do link https:\/\/forms.gle\/VMHYnQRdoqh99FVe7.<\/p>\n<p>Segundo o diretor executivo da GENEX Brasil, Sergio Saud, ser\u00e1 um momento de integrar parceiros e dialogar sobre a pecu\u00e1ria. \u201c\u00c9 um encontro de muito conhecimento, onde buscaremos caminhos para uma produ\u00e7\u00e3o cada vez mais integrada, tecnol\u00f3gica, sustent\u00e1vel e produtiva\u201d, pontuou.<\/p>\n<p>O GENEX Conecta foi lan\u00e7ado na EXPOGEN\u00c9TICA 2023 e \u00e9 fruto de anos de estudos e an\u00e1lises das necessidades dos clientes. \u201cO projeto nasceu da necessidade de compreender mais o pecuarista, de se colocar no lugar dele diante dos desafios e oportunidades. Mais do que vender gen\u00e9tica \u00e9 preciso estar ao lado deles, orientando-os de forma t\u00e9cnica e educativa\u201d, frisou o zootecnista e respons\u00e1vel pelo programa, Gustavo Freitas.<\/p>\n<p>Assim que o produtor adere ao Conecta, o time GENEX realiza o diagn\u00f3stico da propriedade, elaborando um projeto personalizado. O projeto n\u00e3o est\u00e1 limitado ao processo de escolha de touros a serem utilizados. Freitas explica que ele tamb\u00e9m inclui acompanhamento referente \u00e0 sanidade, nutri\u00e7\u00e3o, administra\u00e7\u00e3o, gest\u00e3o de pessoas e comunica\u00e7\u00e3o. \u201cO melhoramento gen\u00e9tico \u00e9 apenas uma parte do ciclo da cria. A GENEX est\u00e1 pr\u00f3xima, compreendendo o dia a dia de seus clientes, o desenvolvimento dos bezerros e o resultado de seus produtos\u201d, completou.<\/p>\n<p><strong>Na foto: Gustavo Freitas<\/strong><br \/>\n<strong>Cr\u00e9dito da foto: Carolina Jardine<\/strong><\/p>\n","protected":false},"excerpt":{"rendered":"<p>Lan\u00e7ado neste semestre, o programa GENEX Conecta \u00e9 uma iniciativa de acompanhamento t\u00e9cnico e educacional, estruturada de forma a conectar parceiros e solu\u00e7\u00f5es para o atendimento das v\u00e1rias esferas da pecu\u00e1ria de cria. O programa oferece uma abordagem 360 graus a clientes GENEX para potencializar processos gerenciais, nutricionais, reprodutivos e de gest\u00e3o das fazendas. Uma [&hellip;]<\/p>\n","protected":false},"author":3,"featured_media":326,"comment_status":"open","ping_status":"open","sticky":false,"template":"","format":"standard","meta":{"inline_featured_image":false,"footnotes":""},"categories":[5],"tags":[],"yoast_head":"<!-- This site is optimized with the Yoast SEO plugin v19.2 - https:\/\/yoast.com\/wordpress\/plugins\/seo\/ -->\r\n<title>1\u00ba Simp\u00f3sio GENEX CONECTA re\u00fane pecuaristas e estudantes em busca de produ\u00e7\u00e3o integrada e sustent\u00e1vel - Genex Brasil - Blog<\/title>\r\n<meta name=\"robots\" content=\"index, follow, max-snippet:-1, max-image-preview:large, max-video-preview:-1\" \/>\r\n<link rel=\"canonical\" href=\"https:\/\/genexbrasil.com.br\/blog\/1o-simposio-genex-conecta-reune-pecuaristas-e-estudantes-em-busca-de-producao-integrada-e-sustentavel\/\" \/>\r\n<meta property=\"og:locale\" content=\"pt_BR\" \/>\r\n<meta property=\"og:type\" content=\"article\" \/>\r\n<meta property=\"og:title\" content=\"1\u00ba Simp\u00f3sio GENEX CONECTA re\u00fane pecuaristas e estudantes em busca de produ\u00e7\u00e3o integrada e sustent\u00e1vel - Genex Brasil - Blog\" \/>\r\n<meta property=\"og:description\" content=\"Lan\u00e7ado neste semestre, o programa GENEX Conecta \u00e9 uma iniciativa de acompanhamento t\u00e9cnico e educacional, estruturada de forma a conectar parceiros e solu\u00e7\u00f5es para o atendimento das v\u00e1rias esferas da pecu\u00e1ria de cria. O programa oferece uma abordagem 360 graus a clientes GENEX para potencializar processos gerenciais, nutricionais, reprodutivos e de gest\u00e3o das fazendas. Uma [&hellip;]\" \/>\r\n<meta property=\"og:url\" content=\"https:\/\/genexbrasil.com.br\/blog\/1o-simposio-genex-conecta-reune-pecuaristas-e-estudantes-em-busca-de-producao-integrada-e-sustentavel\/\" \/>\r\n<meta property=\"og:site_name\" content=\"Genex Brasil - Blog\" \/>\r\n<meta property=\"article:publisher\" content=\"https:\/\/www.facebook.com\/GENEXBrasil\" \/>\r\n<meta property=\"article:published_time\" content=\"2023-10-30T18:39:27+00:00\" \/>\r\n<meta property=\"og:image\" content=\"https:\/\/genexbrasil.com.br\/blog\/wp-content\/uploads\/2023\/10\/IMG_4564.jpg\" \/>\r\n\t<meta property=\"og:image:width\" content=\"2016\" \/>\r\n\t<meta property=\"og:image:height\" content=\"1512\" \/>\r\n\t<meta property=\"og:image:type\" content=\"image\/jpeg\" \/>\r\n<meta name=\"author\" content=\"Genex Brasil\" \/>\r\n<meta name=\"twitter:card\" content=\"summary_large_image\" \/>\r\n<meta name=\"twitter:label1\" content=\"Escrito por\" \/>\n\t<meta name=\"twitter:data1\" content=\"Genex Brasil\" \/>\n\t<meta name=\"twitter:label2\" content=\"Est. tempo de leitura\" \/>\n\t<meta name=\"twitter:data2\" content=\"2 minutos\" \/>\r\n<script type=\"application\/ld+json\" class=\"yoast-schema-graph\">{\"@context\":\"https:\/\/schema.org\",\"@graph\":[{\"@type\":\"Organization\",\"@id\":\"https:\/\/genexbrasil.com.br\/blog\/#organization\",\"name\":\"Genex Brasil\",\"url\":\"https:\/\/genexbrasil.com.br\/blog\/\",\"sameAs\":[\"https:\/\/www.youtube.com\/c\/GENEXBrasil\",\"https:\/\/www.instagram.com\/genexbrasil\",\"https:\/\/www.linkedin.com\/company\/genexbrasil\",\"https:\/\/www.facebook.com\/GENEXBrasil\"],\"logo\":{\"@type\":\"ImageObject\",\"inLanguage\":\"pt-BR\",\"@id\":\"https:\/\/genexbrasil.com.br\/blog\/#\/schema\/logo\/image\/\",\"url\":\"http:\/\/genex.novasingular.com.br\/blog\/wp-content\/uploads\/2022\/07\/Logo-Genex-em-vetor.svg\",\"contentUrl\":\"http:\/\/genex.novasingular.com.br\/blog\/wp-content\/uploads\/2022\/07\/Logo-Genex-em-vetor.svg\",\"width\":286,\"height\":60,\"caption\":\"Genex Brasil\"},\"image\":{\"@id\":\"https:\/\/genexbrasil.com.br\/blog\/#\/schema\/logo\/image\/\"}},{\"@type\":\"WebSite\",\"@id\":\"https:\/\/genexbrasil.com.br\/blog\/#website\",\"url\":\"https:\/\/genexbrasil.com.br\/blog\/\",\"name\":\"Genex Brasil - Blog\",\"description\":\"A melhor gen\u00e9tica para o futuro do seu rebanho\",\"publisher\":{\"@id\":\"https:\/\/genexbrasil.com.br\/blog\/#organization\"},\"potentialAction\":[{\"@type\":\"SearchAction\",\"target\":{\"@type\":\"EntryPoint\",\"urlTemplate\":\"https:\/\/genexbrasil.com.br\/blog\/?s={search_term_string}\"},\"query-input\":\"required name=search_term_string\"}],\"inLanguage\":\"pt-BR\"},{\"@type\":\"ImageObject\",\"inLanguage\":\"pt-BR\",\"@id\":\"https:\/\/genexbrasil.com.br\/blog\/1o-simposio-genex-conecta-reune-pecuaristas-e-estudantes-em-busca-de-producao-integrada-e-sustentavel\/#primaryimage\",\"url\":\"https:\/\/genexbrasil.com.br\/blog\/wp-content\/uploads\/2023\/10\/IMG_4564.jpg\",\"contentUrl\":\"https:\/\/genexbrasil.com.br\/blog\/wp-content\/uploads\/2023\/10\/IMG_4564.jpg\",\"width\":2016,\"height\":1512},{\"@type\":\"WebPage\",\"@id\":\"https:\/\/genexbrasil.com.br\/blog\/1o-simposio-genex-conecta-reune-pecuaristas-e-estudantes-em-busca-de-producao-integrada-e-sustentavel\/#webpage\",\"url\":\"https:\/\/genexbrasil.com.br\/blog\/1o-simposio-genex-conecta-reune-pecuaristas-e-estudantes-em-busca-de-producao-integrada-e-sustentavel\/\",\"name\":\"1\u00ba Simp\u00f3sio GENEX CONECTA re\u00fane pecuaristas e estudantes em busca de produ\u00e7\u00e3o integrada e sustent\u00e1vel - Genex Brasil - Blog\",\"isPartOf\":{\"@id\":\"https:\/\/genexbrasil.com.br\/blog\/#website\"},\"primaryImageOfPage\":{\"@id\":\"https:\/\/genexbrasil.com.br\/blog\/1o-simposio-genex-conecta-reune-pecuaristas-e-estudantes-em-busca-de-producao-integrada-e-sustentavel\/#primaryimage\"},\"datePublished\":\"2023-10-30T18:39:27+00:00\",\"dateModified\":\"2023-10-30T18:39:27+00:00\",\"breadcrumb\":{\"@id\":\"https:\/\/genexbrasil.com.br\/blog\/1o-simposio-genex-conecta-reune-pecuaristas-e-estudantes-em-busca-de-producao-integrada-e-sustentavel\/#breadcrumb\"},\"inLanguage\":\"pt-BR\",\"potentialAction\":[{\"@type\":\"ReadAction\",\"target\":[\"https:\/\/genexbrasil.com.br\/blog\/1o-simposio-genex-conecta-reune-pecuaristas-e-estudantes-em-busca-de-producao-integrada-e-sustentavel\/\"]}]},{\"@type\":\"BreadcrumbList\",\"@id\":\"https:\/\/genexbrasil.com.br\/blog\/1o-simposio-genex-conecta-reune-pecuaristas-e-estudantes-em-busca-de-producao-integrada-e-sustentavel\/#breadcrumb\",\"itemListElement\":[{\"@type\":\"ListItem\",\"position\":1,\"name\":\"In\u00edcio\",\"item\":\"https:\/\/genexbrasil.com.br\/blog\/\"},{\"@type\":\"ListItem\",\"position\":2,\"name\":\"1\u00ba Simp\u00f3sio GENEX CONECTA re\u00fane pecuaristas e estudantes em busca de produ\u00e7\u00e3o integrada e sustent\u00e1vel\"}]},{\"@type\":\"Article\",\"@id\":\"https:\/\/genexbrasil.com.br\/blog\/1o-simposio-genex-conecta-reune-pecuaristas-e-estudantes-em-busca-de-producao-integrada-e-sustentavel\/#article\",\"isPartOf\":{\"@id\":\"https:\/\/genexbrasil.com.br\/blog\/1o-simposio-genex-conecta-reune-pecuaristas-e-estudantes-em-busca-de-producao-integrada-e-sustentavel\/#webpage\"},\"author\":{\"name\":\"Genex Brasil\",\"@id\":\"https:\/\/genexbrasil.com.br\/blog\/#\/schema\/person\/61c64d50ce4bc2af697920be39efd0d9\"},\"headline\":\"1\u00ba Simp\u00f3sio GENEX CONECTA re\u00fane pecuaristas e estudantes em busca de produ\u00e7\u00e3o integrada e sustent\u00e1vel\",\"datePublished\":\"2023-10-30T18:39:27+00:00\",\"dateModified\":\"2023-10-30T18:39:27+00:00\",\"mainEntityOfPage\":{\"@id\":\"https:\/\/genexbrasil.com.br\/blog\/1o-simposio-genex-conecta-reune-pecuaristas-e-estudantes-em-busca-de-producao-integrada-e-sustentavel\/#webpage\"},\"wordCount\":405,\"commentCount\":0,\"publisher\":{\"@id\":\"https:\/\/genexbrasil.com.br\/blog\/#organization\"},\"image\":{\"@id\":\"https:\/\/genexbrasil.com.br\/blog\/1o-simposio-genex-conecta-reune-pecuaristas-e-estudantes-em-busca-de-producao-integrada-e-sustentavel\/#primaryimage\"},\"thumbnailUrl\":\"https:\/\/genexbrasil.com.br\/blog\/wp-content\/uploads\/2023\/10\/IMG_4564.jpg\",\"articleSection\":[\"Not\u00edcias\"],\"inLanguage\":\"pt-BR\",\"potentialAction\":[{\"@type\":\"CommentAction\",\"name\":\"Comment\",\"target\":[\"https:\/\/genexbrasil.com.br\/blog\/1o-simposio-genex-conecta-reune-pecuaristas-e-estudantes-em-busca-de-producao-integrada-e-sustentavel\/#respond\"]}]},{\"@type\":\"Person\",\"@id\":\"https:\/\/genexbrasil.com.br\/blog\/#\/schema\/person\/61c64d50ce4bc2af697920be39efd0d9\",\"name\":\"Genex Brasil\",\"image\":{\"@type\":\"ImageObject\",\"inLanguage\":\"pt-BR\",\"@id\":\"https:\/\/genexbrasil.com.br\/blog\/#\/schema\/person\/image\/\",\"url\":\"https:\/\/genexbrasil.com.br\/blog\/wp-content\/uploads\/2022\/07\/genex-avatar-96x96.png\",\"contentUrl\":\"https:\/\/genexbrasil.com.br\/blog\/wp-content\/uploads\/2022\/07\/genex-avatar-96x96.png\",\"caption\":\"Genex Brasil\"},\"url\":\"https:\/\/genexbrasil.com.br\/blog\/author\/genex-brasil\/\"}]}<\/script>\r\n<!-- \/ Yoast SEO plugin. -->","yoast_head_json":{"title":"1\u00ba Simp\u00f3sio GENEX CONECTA re\u00fane pecuaristas e estudantes em busca de produ\u00e7\u00e3o integrada e sustent\u00e1vel - Genex Brasil - Blog","robots":{"index":"index","follow":"follow","max-snippet":"max-snippet:-1","max-image-preview":"max-image-preview:large","max-video-preview":"max-video-preview:-1"},"canonical":"https:\/\/genexbrasil.com.br\/blog\/1o-simposio-genex-conecta-reune-pecuaristas-e-estudantes-em-busca-de-producao-integrada-e-sustentavel\/","og_locale":"pt_BR","og_type":"article","og_title":"1\u00ba Simp\u00f3sio GENEX CONECTA re\u00fane pecuaristas e estudantes em busca de produ\u00e7\u00e3o integrada e sustent\u00e1vel - Genex Brasil - Blog","og_description":"Lan\u00e7ado neste semestre, o programa GENEX Conecta \u00e9 uma iniciativa de acompanhamento t\u00e9cnico e educacional, estruturada de forma a conectar parceiros e solu\u00e7\u00f5es para o atendimento das v\u00e1rias esferas da pecu\u00e1ria de cria. O programa oferece uma abordagem 360 graus a clientes GENEX para potencializar processos gerenciais, nutricionais, reprodutivos e de gest\u00e3o das fazendas. Uma [&hellip;]","og_url":"https:\/\/genexbrasil.com.br\/blog\/1o-simposio-genex-conecta-reune-pecuaristas-e-estudantes-em-busca-de-producao-integrada-e-sustentavel\/","og_site_name":"Genex Brasil - Blog","article_publisher":"https:\/\/www.facebook.com\/GENEXBrasil","article_published_time":"2023-10-30T18:39:27+00:00","og_image":[{"width":2016,"height":1512,"url":"https:\/\/genexbrasil.com.br\/blog\/wp-content\/uploads\/2023\/10\/IMG_4564.jpg","type":"image\/jpeg"}],"author":"Genex Brasil","twitter_card":"summary_large_image","twitter_misc":{"Escrito por":"Genex Brasil","Est. tempo de leitura":"2 minutos"},"schema":{"@context":"https:\/\/schema.org","@graph":[{"@type":"Organization","@id":"https:\/\/genexbrasil.com.br\/blog\/#organization","name":"Genex Brasil","url":"https:\/\/genexbrasil.com.br\/blog\/","sameAs":["https:\/\/www.youtube.com\/c\/GENEXBrasil","https:\/\/www.instagram.com\/genexbrasil","https:\/\/www.linkedin.com\/company\/genexbrasil","https:\/\/www.facebook.com\/GENEXBrasil"],"logo":{"@type":"ImageObject","inLanguage":"pt-BR","@id":"https:\/\/genexbrasil.com.br\/blog\/#\/schema\/logo\/image\/","url":"http:\/\/genex.novasingular.com.br\/blog\/wp-content\/uploads\/2022\/07\/Logo-Genex-em-vetor.svg","contentUrl":"http:\/\/genex.novasingular.com.br\/blog\/wp-content\/uploads\/2022\/07\/Logo-Genex-em-vetor.svg","width":286,"height":60,"caption":"Genex Brasil"},"image":{"@id":"https:\/\/genexbrasil.com.br\/blog\/#\/schema\/logo\/image\/"}},{"@type":"WebSite","@id":"https:\/\/genexbrasil.com.br\/blog\/#website","url":"https:\/\/genexbrasil.com.br\/blog\/","name":"Genex Brasil - Blog","description":"A melhor gen\u00e9tica para o futuro do seu rebanho","publisher":{"@id":"https:\/\/genexbrasil.com.br\/blog\/#organization"},"potentialAction":[{"@type":"SearchAction","target":{"@type":"EntryPoint","urlTemplate":"https:\/\/genexbrasil.com.br\/blog\/?s={search_term_string}"},"query-input":"required name=search_term_string"}],"inLanguage":"pt-BR"},{"@type":"ImageObject","inLanguage":"pt-BR","@id":"https:\/\/genexbrasil.com.br\/blog\/1o-simposio-genex-conecta-reune-pecuaristas-e-estudantes-em-busca-de-producao-integrada-e-sustentavel\/#primaryimage","url":"https:\/\/genexbrasil.com.br\/blog\/wp-content\/uploads\/2023\/10\/IMG_4564.jpg","contentUrl":"https:\/\/genexbrasil.com.br\/blog\/wp-content\/uploads\/2023\/10\/IMG_4564.jpg","width":2016,"height":1512},{"@type":"WebPage","@id":"https:\/\/genexbrasil.com.br\/blog\/1o-simposio-genex-conecta-reune-pecuaristas-e-estudantes-em-busca-de-producao-integrada-e-sustentavel\/#webpage","url":"https:\/\/genexbrasil.com.br\/blog\/1o-simposio-genex-conecta-reune-pecuaristas-e-estudantes-em-busca-de-producao-integrada-e-sustentavel\/","name":"1\u00ba Simp\u00f3sio GENEX CONECTA re\u00fane pecuaristas e estudantes em busca de produ\u00e7\u00e3o integrada e sustent\u00e1vel - Genex Brasil - Blog","isPartOf":{"@id":"https:\/\/genexbrasil.com.br\/blog\/#website"},"primaryImageOfPage":{"@id":"https:\/\/genexbrasil.com.br\/blog\/1o-simposio-genex-conecta-reune-pecuaristas-e-estudantes-em-busca-de-producao-integrada-e-sustentavel\/#primaryimage"},"datePublished":"2023-10-30T18:39:27+00:00","dateModified":"2023-10-30T18:39:27+00:00","breadcrumb":{"@id":"https:\/\/genexbrasil.com.br\/blog\/1o-simposio-genex-conecta-reune-pecuaristas-e-estudantes-em-busca-de-producao-integrada-e-sustentavel\/#breadcrumb"},"inLanguage":"pt-BR","potentialAction":[{"@type":"ReadAction","target":["https:\/\/genexbrasil.com.br\/blog\/1o-simposio-genex-conecta-reune-pecuaristas-e-estudantes-em-busca-de-producao-integrada-e-sustentavel\/"]}]},{"@type":"BreadcrumbList","@id":"https:\/\/genexbrasil.com.br\/blog\/1o-simposio-genex-conecta-reune-pecuaristas-e-estudantes-em-busca-de-producao-integrada-e-sustentavel\/#breadcrumb","itemListElement":[{"@type":"ListItem","position":1,"name":"In\u00edcio","item":"https:\/\/genexbrasil.com.br\/blog\/"},{"@type":"ListItem","position":2,"name":"1\u00ba Simp\u00f3sio GENEX CONECTA re\u00fane pecuaristas e estudantes em busca de produ\u00e7\u00e3o integrada e sustent\u00e1vel"}]},{"@type":"Article","@id":"https:\/\/genexbrasil.com.br\/blog\/1o-simposio-genex-conecta-reune-pecuaristas-e-estudantes-em-busca-de-producao-integrada-e-sustentavel\/#article","isPartOf":{"@id":"https:\/\/genexbrasil.com.br\/blog\/1o-simposio-genex-conecta-reune-pecuaristas-e-estudantes-em-busca-de-producao-integrada-e-sustentavel\/#webpage"},"author":{"name":"Genex Brasil","@id":"https:\/\/genexbrasil.com.br\/blog\/#\/schema\/person\/61c64d50ce4bc2af697920be39efd0d9"},"headline":"1\u00ba Simp\u00f3sio GENEX CONECTA re\u00fane pecuaristas e estudantes em busca de produ\u00e7\u00e3o integrada e sustent\u00e1vel","datePublished":"2023-10-30T18:39:27+00:00","dateModified":"2023-10-30T18:39:27+00:00","mainEntityOfPage":{"@id":"https:\/\/genexbrasil.com.br\/blog\/1o-simposio-genex-conecta-reune-pecuaristas-e-estudantes-em-busca-de-producao-integrada-e-sustentavel\/#webpage"},"wordCount":405,"commentCount":0,"publisher":{"@id":"https:\/\/genexbrasil.com.br\/blog\/#organization"},"image":{"@id":"https:\/\/genexbrasil.com.br\/blog\/1o-simposio-genex-conecta-reune-pecuaristas-e-estudantes-em-busca-de-producao-integrada-e-sustentavel\/#primaryimage"},"thumbnailUrl":"https:\/\/genexbrasil.com.br\/blog\/wp-content\/uploads\/2023\/10\/IMG_4564.jpg","articleSection":["Not\u00edcias"],"inLanguage":"pt-BR","potentialAction":[{"@type":"CommentAction","name":"Comment","target":["https:\/\/genexbrasil.com.br\/blog\/1o-simposio-genex-conecta-reune-pecuaristas-e-estudantes-em-busca-de-producao-integrada-e-sustentavel\/#respond"]}]},{"@type":"Person","@id":"https:\/\/genexbrasil.com.br\/blog\/#\/schema\/person\/61c64d50ce4bc2af697920be39efd0d9","name":"Genex Brasil","image":{"@type":"ImageObject","inLanguage":"pt-BR","@id":"https:\/\/genexbrasil.com.br\/blog\/#\/schema\/person\/image\/","url":"https:\/\/genexbrasil.com.br\/blog\/wp-content\/uploads\/2022\/07\/genex-avatar-96x96.png","contentUrl":"https:\/\/genexbrasil.com.br\/blog\/wp-content\/uploads\/2022\/07\/genex-avatar-96x96.png","caption":"Genex Brasil"},"url":"https:\/\/genexbrasil.com.br\/blog\/author\/genex-brasil\/"}]}},"_links":{"self":[{"href":"https:\/\/genexbrasil.com.br\/blog\/wp-json\/wp\/v2\/posts\/330"}],"collection":[{"href":"https:\/\/genexbrasil.com.br\/blog\/wp-json\/wp\/v2\/posts"}],"about":[{"href":"https:\/\/genexbrasil.com.br\/blog\/wp-json\/wp\/v2\/types\/post"}],"author":[{"embeddable":true,"href":"https:\/\/genexbrasil.com.br\/blog\/wp-json\/wp\/v2\/users\/3"}],"replies":[{"embeddable":true,"href":"https:\/\/genexbrasil.com.br\/blog\/wp-json\/wp\/v2\/comments?post=330"}],"version-history":[{"count":1,"href":"https:\/\/genexbrasil.com.br\/blog\/wp-json\/wp\/v2\/posts\/330\/revisions"}],"predecessor-version":[{"id":331,"href":"https:\/\/genexbrasil.com.br\/blog\/wp-json\/wp\/v2\/posts\/330\/revisions\/331"}],"wp:featuredmedia":[{"embeddable":true,"href":"https:\/\/genexbrasil.com.br\/blog\/wp-json\/wp\/v2\/media\/326"}],"wp:attachment":[{"href":"https:\/\/genexbrasil.com.br\/blog\/wp-json\/wp\/v2\/media?parent=330"}],"wp:term":[{"taxonomy":"category","embeddable":true,"href":"https:\/\/genexbrasil.com.br\/blog\/wp-json\/wp\/v2\/categories?post=330"},{"taxonomy":"post_tag","embeddable":true,"href":"https:\/\/genexbrasil.com.br\/blog\/wp-json\/wp\/v2\/tags?post=330"}],"curies":[{"name":"wp","href":"https:\/\/api.w.org\/{rel}","templated":true}]}}