{"id":284,"date":"2023-09-18T13:54:07","date_gmt":"2023-09-18T16:54:07","guid":{"rendered":"https:\/\/genexbrasil.com.br\/blog\/?p=284"},"modified":"2023-09-18T13:54:52","modified_gmt":"2023-09-18T16:54:52","slug":"genex-promove-semana-de-negocios-de-genetica-leiteira","status":"publish","type":"post","link":"https:\/\/genexbrasil.com.br\/blog\/genex-promove-semana-de-negocios-de-genetica-leiteira\/","title":{"rendered":"GENEX promove Semana de Neg\u00f3cios de gen\u00e9tica leiteira"},"content":{"rendered":"<p>Criadores da pecu\u00e1ria leiteira ter\u00e3o uma semana especial para adquirir gen\u00e9tica de touros de leite em condi\u00e7\u00f5es diferenciadas de pre\u00e7o. A GENEX BRASIL realiza, de 18 a 22 de setembro, uma Semana de Neg\u00f3cios, em formato virtual, com foco na bateria de leite zebu e europeu. Ser\u00e3o ofertados combos que foram especialmente constru\u00eddos com s\u00eamen de touros melhoradores para atender a demandas espec\u00edficas dos criat\u00f3rios. Haver\u00e1 tamb\u00e9m pacotes de s\u00eamen sexado.<\/p>\n<p>A venda de doses de s\u00eamen bovino no mercado interno brasileiro para cliente final alcan\u00e7ou 2,79 milh\u00f5es de doses de janeiro a junho de 2023 segundo dados da Associa\u00e7\u00e3o Brasileira de Insemina\u00e7\u00e3o Artificial (Asbia). O avan\u00e7o \u00e9 de 12% frente aos 2,49 milh\u00f5es do mesmo per\u00edodo de 2022. O segmento leite tamb\u00e9m responde por uma fatia do mercado importante para a GENEX e vem ganhando for\u00e7a nos \u00faltimos anos. Segundo Saul Hatem, Gerente de Neg\u00f3cios Leite da GENEX, o segmento est\u00e1 crescendo e tem um grande potencial de amplia\u00e7\u00e3o. \u201cO produtor est\u00e1 buscando gen\u00e9tica para elevar produtividade e rentabilidade. A GENEX disp\u00f5e de material gen\u00e9tico de alto desempenho apto a gerar rebanhos com produ\u00e7\u00e3o diferenciada\u201d, salientou, lembrando que a falta de investimento e efici\u00eancia t\u00eam tirado alguns produtores da atividade.<\/p>\n<p>A programa\u00e7\u00e3o da Semana de Neg\u00f3cios GENEX inicia-se com uma live no Youtube (@GENEX Brasil) na segunda-feira (18\/09) a partir das \u00e0s 19h. O bate-papo busca trazer informa\u00e7\u00f5es t\u00e9cnicas aos pecuaristas e clientes e ser\u00e1 conduzido pela equipe t\u00e9cnica de Leite da GENEX. A especialista de produto leite da GENEX, Mariana Sayeg, explica que ser\u00e1 realizada uma apresenta\u00e7\u00e3o dos pacotes gen\u00e9ticos, selecionados e preparados exclusivamente para o evento, considerando as principais caracter\u00edsticas e vantagens de cada grupo de touros tem a oferecer.<\/p>\n<p>Ser\u00e3o apresentadas, ainda, as condi\u00e7\u00f5es especiais de pre\u00e7o e pagamento. Clientes GENEX poder\u00e3o ter\u00e3o descontos nos pacotes de doses de s\u00eamen adquiridas e pagamento em at\u00e9 oito vezes. \u201cA semana \u00e9 uma a\u00e7\u00e3o de vendas online, promovida por meio de grupos de neg\u00f3cios e discuss\u00f5es t\u00e9cnicas. Nesse per\u00edodo, teremos toda a equipe da GENEX \u00e0 disposi\u00e7\u00e3o com atendimento e informa\u00e7\u00f5es sobre os produtos e pacotes\u201d, completou Saul.<\/p>\n<p>Produtores, parceiros e clientes interessados em participar n\u00e3o necessitam de inscri\u00e7\u00e3o. Basta acessar o canal do YouTube da GENEX BRASIL e acompanhar a live ou entrar no grupo de Neg\u00f3cios atrav\u00e9s do link abaixo e dispon\u00edvel nas redes sociais da GENEX. Para saber mais sobre o programa de descontos e condi\u00e7\u00f5es da Semana Virtual de Neg\u00f3cios de Leite, entre em contato com um representante GENEX pelo site:<\/p>\n<p><a href=\"https:\/\/www.genexbrasil.com.br\/representantes\">https:\/\/www.genexbrasil.com.br\/representantes<\/a><\/p>\n<p><a href=\"https:\/\/www.genexbrasil.com.br\/representantes\"><img decoding=\"async\" loading=\"lazy\" class=\"alignnone size-medium wp-image-286\" src=\"https:\/\/genexbrasil.com.br\/blog\/wp-content\/uploads\/2023\/09\/noticia-300x200.png\" alt=\"\" width=\"300\" height=\"200\" srcset=\"https:\/\/genexbrasil.com.br\/blog\/wp-content\/uploads\/2023\/09\/noticia-300x200.png 300w, https:\/\/genexbrasil.com.br\/blog\/wp-content\/uploads\/2023\/09\/noticia-1024x683.png 1024w, https:\/\/genexbrasil.com.br\/blog\/wp-content\/uploads\/2023\/09\/noticia-768x512.png 768w, https:\/\/genexbrasil.com.br\/blog\/wp-content\/uploads\/2023\/09\/noticia-750x500.png 750w, https:\/\/genexbrasil.com.br\/blog\/wp-content\/uploads\/2023\/09\/noticia.png 1140w\" sizes=\"(max-width: 300px) 100vw, 300px\" \/><\/a><\/p>\n<p><strong>Link de acesso ao Grupo de Neg\u00f3cios:<\/strong> <a href=\"https:\/\/chat.whatsapp.com\/IE2E9ctCk1OIRxvryqJlOk\">https:\/\/chat.whatsapp.com\/IE2E9ctCk1OIRxvryqJlOk<\/a><\/p>\n<p style=\"text-align: right;\">Fonte: Assessoria de Imprensa\/Jardine Comunica\u00e7\u00e3o<\/p>\n","protected":false},"excerpt":{"rendered":"<p>Criadores da pecu\u00e1ria leiteira ter\u00e3o uma semana especial para adquirir gen\u00e9tica de touros de leite em condi\u00e7\u00f5es diferenciadas de pre\u00e7o. A GENEX BRASIL realiza, de 18 a 22 de setembro, uma Semana de Neg\u00f3cios, em formato virtual, com foco na bateria de leite zebu e europeu. Ser\u00e3o ofertados combos que foram especialmente constru\u00eddos com s\u00eamen [&hellip;]<\/p>\n","protected":false},"author":3,"featured_media":286,"comment_status":"open","ping_status":"open","sticky":false,"template":"","format":"standard","meta":{"inline_featured_image":false,"footnotes":""},"categories":[5],"tags":[11,49,13],"yoast_head":"<!-- This site is optimized with the Yoast SEO plugin v19.2 - https:\/\/yoast.com\/wordpress\/plugins\/seo\/ -->\r\n<title>GENEX promove Semana de Neg\u00f3cios de gen\u00e9tica leiteira - Genex Brasil - Blog<\/title>\r\n<meta name=\"robots\" content=\"index, follow, max-snippet:-1, max-image-preview:large, max-video-preview:-1\" \/>\r\n<link rel=\"canonical\" href=\"https:\/\/genexbrasil.com.br\/blog\/genex-promove-semana-de-negocios-de-genetica-leiteira\/\" \/>\r\n<meta property=\"og:locale\" content=\"pt_BR\" \/>\r\n<meta property=\"og:type\" content=\"article\" \/>\r\n<meta property=\"og:title\" content=\"GENEX promove Semana de Neg\u00f3cios de gen\u00e9tica leiteira - Genex Brasil - Blog\" \/>\r\n<meta property=\"og:description\" content=\"Criadores da pecu\u00e1ria leiteira ter\u00e3o uma semana especial para adquirir gen\u00e9tica de touros de leite em condi\u00e7\u00f5es diferenciadas de pre\u00e7o. A GENEX BRASIL realiza, de 18 a 22 de setembro, uma Semana de Neg\u00f3cios, em formato virtual, com foco na bateria de leite zebu e europeu. Ser\u00e3o ofertados combos que foram especialmente constru\u00eddos com s\u00eamen [&hellip;]\" \/>\r\n<meta property=\"og:url\" content=\"https:\/\/genexbrasil.com.br\/blog\/genex-promove-semana-de-negocios-de-genetica-leiteira\/\" \/>\r\n<meta property=\"og:site_name\" content=\"Genex Brasil - Blog\" \/>\r\n<meta property=\"article:publisher\" content=\"https:\/\/www.facebook.com\/GENEXBrasil\" \/>\r\n<meta property=\"article:published_time\" content=\"2023-09-18T16:54:07+00:00\" \/>\r\n<meta property=\"article:modified_time\" content=\"2023-09-18T16:54:52+00:00\" \/>\r\n<meta property=\"og:image\" content=\"https:\/\/genexbrasil.com.br\/blog\/wp-content\/uploads\/2023\/09\/noticia.png\" \/>\r\n\t<meta property=\"og:image:width\" content=\"1140\" \/>\r\n\t<meta property=\"og:image:height\" content=\"760\" \/>\r\n\t<meta property=\"og:image:type\" content=\"image\/png\" \/>\r\n<meta name=\"author\" content=\"Genex Brasil\" \/>\r\n<meta name=\"twitter:card\" content=\"summary_large_image\" \/>\r\n<meta name=\"twitter:label1\" content=\"Escrito por\" \/>\n\t<meta name=\"twitter:data1\" content=\"Genex Brasil\" \/>\n\t<meta name=\"twitter:label2\" content=\"Est. tempo de leitura\" \/>\n\t<meta name=\"twitter:data2\" content=\"3 minutos\" \/>\r\n<script type=\"application\/ld+json\" class=\"yoast-schema-graph\">{\"@context\":\"https:\/\/schema.org\",\"@graph\":[{\"@type\":\"Organization\",\"@id\":\"https:\/\/genexbrasil.com.br\/blog\/#organization\",\"name\":\"Genex Brasil\",\"url\":\"https:\/\/genexbrasil.com.br\/blog\/\",\"sameAs\":[\"https:\/\/www.youtube.com\/c\/GENEXBrasil\",\"https:\/\/www.instagram.com\/genexbrasil\",\"https:\/\/www.linkedin.com\/company\/genexbrasil\",\"https:\/\/www.facebook.com\/GENEXBrasil\"],\"logo\":{\"@type\":\"ImageObject\",\"inLanguage\":\"pt-BR\",\"@id\":\"https:\/\/genexbrasil.com.br\/blog\/#\/schema\/logo\/image\/\",\"url\":\"http:\/\/genex.novasingular.com.br\/blog\/wp-content\/uploads\/2022\/07\/Logo-Genex-em-vetor.svg\",\"contentUrl\":\"http:\/\/genex.novasingular.com.br\/blog\/wp-content\/uploads\/2022\/07\/Logo-Genex-em-vetor.svg\",\"width\":286,\"height\":60,\"caption\":\"Genex Brasil\"},\"image\":{\"@id\":\"https:\/\/genexbrasil.com.br\/blog\/#\/schema\/logo\/image\/\"}},{\"@type\":\"WebSite\",\"@id\":\"https:\/\/genexbrasil.com.br\/blog\/#website\",\"url\":\"https:\/\/genexbrasil.com.br\/blog\/\",\"name\":\"Genex Brasil - Blog\",\"description\":\"A melhor gen\u00e9tica para o futuro do seu rebanho\",\"publisher\":{\"@id\":\"https:\/\/genexbrasil.com.br\/blog\/#organization\"},\"potentialAction\":[{\"@type\":\"SearchAction\",\"target\":{\"@type\":\"EntryPoint\",\"urlTemplate\":\"https:\/\/genexbrasil.com.br\/blog\/?s={search_term_string}\"},\"query-input\":\"required name=search_term_string\"}],\"inLanguage\":\"pt-BR\"},{\"@type\":\"ImageObject\",\"inLanguage\":\"pt-BR\",\"@id\":\"https:\/\/genexbrasil.com.br\/blog\/genex-promove-semana-de-negocios-de-genetica-leiteira\/#primaryimage\",\"url\":\"https:\/\/genexbrasil.com.br\/blog\/wp-content\/uploads\/2023\/09\/noticia.png\",\"contentUrl\":\"https:\/\/genexbrasil.com.br\/blog\/wp-content\/uploads\/2023\/09\/noticia.png\",\"width\":1140,\"height\":760},{\"@type\":\"WebPage\",\"@id\":\"https:\/\/genexbrasil.com.br\/blog\/genex-promove-semana-de-negocios-de-genetica-leiteira\/#webpage\",\"url\":\"https:\/\/genexbrasil.com.br\/blog\/genex-promove-semana-de-negocios-de-genetica-leiteira\/\",\"name\":\"GENEX promove Semana de Neg\u00f3cios de gen\u00e9tica leiteira - Genex Brasil - Blog\",\"isPartOf\":{\"@id\":\"https:\/\/genexbrasil.com.br\/blog\/#website\"},\"primaryImageOfPage\":{\"@id\":\"https:\/\/genexbrasil.com.br\/blog\/genex-promove-semana-de-negocios-de-genetica-leiteira\/#primaryimage\"},\"datePublished\":\"2023-09-18T16:54:07+00:00\",\"dateModified\":\"2023-09-18T16:54:52+00:00\",\"breadcrumb\":{\"@id\":\"https:\/\/genexbrasil.com.br\/blog\/genex-promove-semana-de-negocios-de-genetica-leiteira\/#breadcrumb\"},\"inLanguage\":\"pt-BR\",\"potentialAction\":[{\"@type\":\"ReadAction\",\"target\":[\"https:\/\/genexbrasil.com.br\/blog\/genex-promove-semana-de-negocios-de-genetica-leiteira\/\"]}]},{\"@type\":\"BreadcrumbList\",\"@id\":\"https:\/\/genexbrasil.com.br\/blog\/genex-promove-semana-de-negocios-de-genetica-leiteira\/#breadcrumb\",\"itemListElement\":[{\"@type\":\"ListItem\",\"position\":1,\"name\":\"In\u00edcio\",\"item\":\"https:\/\/genexbrasil.com.br\/blog\/\"},{\"@type\":\"ListItem\",\"position\":2,\"name\":\"GENEX promove Semana de Neg\u00f3cios de gen\u00e9tica leiteira\"}]},{\"@type\":\"Article\",\"@id\":\"https:\/\/genexbrasil.com.br\/blog\/genex-promove-semana-de-negocios-de-genetica-leiteira\/#article\",\"isPartOf\":{\"@id\":\"https:\/\/genexbrasil.com.br\/blog\/genex-promove-semana-de-negocios-de-genetica-leiteira\/#webpage\"},\"author\":{\"name\":\"Genex Brasil\",\"@id\":\"https:\/\/genexbrasil.com.br\/blog\/#\/schema\/person\/61c64d50ce4bc2af697920be39efd0d9\"},\"headline\":\"GENEX promove Semana de Neg\u00f3cios de gen\u00e9tica leiteira\",\"datePublished\":\"2023-09-18T16:54:07+00:00\",\"dateModified\":\"2023-09-18T16:54:52+00:00\",\"mainEntityOfPage\":{\"@id\":\"https:\/\/genexbrasil.com.br\/blog\/genex-promove-semana-de-negocios-de-genetica-leiteira\/#webpage\"},\"wordCount\":510,\"commentCount\":0,\"publisher\":{\"@id\":\"https:\/\/genexbrasil.com.br\/blog\/#organization\"},\"image\":{\"@id\":\"https:\/\/genexbrasil.com.br\/blog\/genex-promove-semana-de-negocios-de-genetica-leiteira\/#primaryimage\"},\"thumbnailUrl\":\"https:\/\/genexbrasil.com.br\/blog\/wp-content\/uploads\/2023\/09\/noticia.png\",\"keywords\":[\"#Gen\u00e9tica\",\"#Leite\",\"#pecuaria\"],\"articleSection\":[\"Not\u00edcias\"],\"inLanguage\":\"pt-BR\",\"potentialAction\":[{\"@type\":\"CommentAction\",\"name\":\"Comment\",\"target\":[\"https:\/\/genexbrasil.com.br\/blog\/genex-promove-semana-de-negocios-de-genetica-leiteira\/#respond\"]}]},{\"@type\":\"Person\",\"@id\":\"https:\/\/genexbrasil.com.br\/blog\/#\/schema\/person\/61c64d50ce4bc2af697920be39efd0d9\",\"name\":\"Genex Brasil\",\"image\":{\"@type\":\"ImageObject\",\"inLanguage\":\"pt-BR\",\"@id\":\"https:\/\/genexbrasil.com.br\/blog\/#\/schema\/person\/image\/\",\"url\":\"https:\/\/genexbrasil.com.br\/blog\/wp-content\/uploads\/2022\/07\/genex-avatar-96x96.png\",\"contentUrl\":\"https:\/\/genexbrasil.com.br\/blog\/wp-content\/uploads\/2022\/07\/genex-avatar-96x96.png\",\"caption\":\"Genex Brasil\"},\"url\":\"https:\/\/genexbrasil.com.br\/blog\/author\/genex-brasil\/\"}]}<\/script>\r\n<!-- \/ Yoast SEO plugin. -->","yoast_head_json":{"title":"GENEX promove Semana de Neg\u00f3cios de gen\u00e9tica leiteira - Genex Brasil - Blog","robots":{"index":"index","follow":"follow","max-snippet":"max-snippet:-1","max-image-preview":"max-image-preview:large","max-video-preview":"max-video-preview:-1"},"canonical":"https:\/\/genexbrasil.com.br\/blog\/genex-promove-semana-de-negocios-de-genetica-leiteira\/","og_locale":"pt_BR","og_type":"article","og_title":"GENEX promove Semana de Neg\u00f3cios de gen\u00e9tica leiteira - Genex Brasil - Blog","og_description":"Criadores da pecu\u00e1ria leiteira ter\u00e3o uma semana especial para adquirir gen\u00e9tica de touros de leite em condi\u00e7\u00f5es diferenciadas de pre\u00e7o. A GENEX BRASIL realiza, de 18 a 22 de setembro, uma Semana de Neg\u00f3cios, em formato virtual, com foco na bateria de leite zebu e europeu. Ser\u00e3o ofertados combos que foram especialmente constru\u00eddos com s\u00eamen [&hellip;]","og_url":"https:\/\/genexbrasil.com.br\/blog\/genex-promove-semana-de-negocios-de-genetica-leiteira\/","og_site_name":"Genex Brasil - Blog","article_publisher":"https:\/\/www.facebook.com\/GENEXBrasil","article_published_time":"2023-09-18T16:54:07+00:00","article_modified_time":"2023-09-18T16:54:52+00:00","og_image":[{"width":1140,"height":760,"url":"https:\/\/genexbrasil.com.br\/blog\/wp-content\/uploads\/2023\/09\/noticia.png","type":"image\/png"}],"author":"Genex Brasil","twitter_card":"summary_large_image","twitter_misc":{"Escrito por":"Genex Brasil","Est. tempo de leitura":"3 minutos"},"schema":{"@context":"https:\/\/schema.org","@graph":[{"@type":"Organization","@id":"https:\/\/genexbrasil.com.br\/blog\/#organization","name":"Genex Brasil","url":"https:\/\/genexbrasil.com.br\/blog\/","sameAs":["https:\/\/www.youtube.com\/c\/GENEXBrasil","https:\/\/www.instagram.com\/genexbrasil","https:\/\/www.linkedin.com\/company\/genexbrasil","https:\/\/www.facebook.com\/GENEXBrasil"],"logo":{"@type":"ImageObject","inLanguage":"pt-BR","@id":"https:\/\/genexbrasil.com.br\/blog\/#\/schema\/logo\/image\/","url":"http:\/\/genex.novasingular.com.br\/blog\/wp-content\/uploads\/2022\/07\/Logo-Genex-em-vetor.svg","contentUrl":"http:\/\/genex.novasingular.com.br\/blog\/wp-content\/uploads\/2022\/07\/Logo-Genex-em-vetor.svg","width":286,"height":60,"caption":"Genex Brasil"},"image":{"@id":"https:\/\/genexbrasil.com.br\/blog\/#\/schema\/logo\/image\/"}},{"@type":"WebSite","@id":"https:\/\/genexbrasil.com.br\/blog\/#website","url":"https:\/\/genexbrasil.com.br\/blog\/","name":"Genex Brasil - Blog","description":"A melhor gen\u00e9tica para o futuro do seu rebanho","publisher":{"@id":"https:\/\/genexbrasil.com.br\/blog\/#organization"},"potentialAction":[{"@type":"SearchAction","target":{"@type":"EntryPoint","urlTemplate":"https:\/\/genexbrasil.com.br\/blog\/?s={search_term_string}"},"query-input":"required name=search_term_string"}],"inLanguage":"pt-BR"},{"@type":"ImageObject","inLanguage":"pt-BR","@id":"https:\/\/genexbrasil.com.br\/blog\/genex-promove-semana-de-negocios-de-genetica-leiteira\/#primaryimage","url":"https:\/\/genexbrasil.com.br\/blog\/wp-content\/uploads\/2023\/09\/noticia.png","contentUrl":"https:\/\/genexbrasil.com.br\/blog\/wp-content\/uploads\/2023\/09\/noticia.png","width":1140,"height":760},{"@type":"WebPage","@id":"https:\/\/genexbrasil.com.br\/blog\/genex-promove-semana-de-negocios-de-genetica-leiteira\/#webpage","url":"https:\/\/genexbrasil.com.br\/blog\/genex-promove-semana-de-negocios-de-genetica-leiteira\/","name":"GENEX promove Semana de Neg\u00f3cios de gen\u00e9tica leiteira - Genex Brasil - Blog","isPartOf":{"@id":"https:\/\/genexbrasil.com.br\/blog\/#website"},"primaryImageOfPage":{"@id":"https:\/\/genexbrasil.com.br\/blog\/genex-promove-semana-de-negocios-de-genetica-leiteira\/#primaryimage"},"datePublished":"2023-09-18T16:54:07+00:00","dateModified":"2023-09-18T16:54:52+00:00","breadcrumb":{"@id":"https:\/\/genexbrasil.com.br\/blog\/genex-promove-semana-de-negocios-de-genetica-leiteira\/#breadcrumb"},"inLanguage":"pt-BR","potentialAction":[{"@type":"ReadAction","target":["https:\/\/genexbrasil.com.br\/blog\/genex-promove-semana-de-negocios-de-genetica-leiteira\/"]}]},{"@type":"BreadcrumbList","@id":"https:\/\/genexbrasil.com.br\/blog\/genex-promove-semana-de-negocios-de-genetica-leiteira\/#breadcrumb","itemListElement":[{"@type":"ListItem","position":1,"name":"In\u00edcio","item":"https:\/\/genexbrasil.com.br\/blog\/"},{"@type":"ListItem","position":2,"name":"GENEX promove Semana de Neg\u00f3cios de gen\u00e9tica leiteira"}]},{"@type":"Article","@id":"https:\/\/genexbrasil.com.br\/blog\/genex-promove-semana-de-negocios-de-genetica-leiteira\/#article","isPartOf":{"@id":"https:\/\/genexbrasil.com.br\/blog\/genex-promove-semana-de-negocios-de-genetica-leiteira\/#webpage"},"author":{"name":"Genex Brasil","@id":"https:\/\/genexbrasil.com.br\/blog\/#\/schema\/person\/61c64d50ce4bc2af697920be39efd0d9"},"headline":"GENEX promove Semana de Neg\u00f3cios de gen\u00e9tica leiteira","datePublished":"2023-09-18T16:54:07+00:00","dateModified":"2023-09-18T16:54:52+00:00","mainEntityOfPage":{"@id":"https:\/\/genexbrasil.com.br\/blog\/genex-promove-semana-de-negocios-de-genetica-leiteira\/#webpage"},"wordCount":510,"commentCount":0,"publisher":{"@id":"https:\/\/genexbrasil.com.br\/blog\/#organization"},"image":{"@id":"https:\/\/genexbrasil.com.br\/blog\/genex-promove-semana-de-negocios-de-genetica-leiteira\/#primaryimage"},"thumbnailUrl":"https:\/\/genexbrasil.com.br\/blog\/wp-content\/uploads\/2023\/09\/noticia.png","keywords":["#Gen\u00e9tica","#Leite","#pecuaria"],"articleSection":["Not\u00edcias"],"inLanguage":"pt-BR","potentialAction":[{"@type":"CommentAction","name":"Comment","target":["https:\/\/genexbrasil.com.br\/blog\/genex-promove-semana-de-negocios-de-genetica-leiteira\/#respond"]}]},{"@type":"Person","@id":"https:\/\/genexbrasil.com.br\/blog\/#\/schema\/person\/61c64d50ce4bc2af697920be39efd0d9","name":"Genex Brasil","image":{"@type":"ImageObject","inLanguage":"pt-BR","@id":"https:\/\/genexbrasil.com.br\/blog\/#\/schema\/person\/image\/","url":"https:\/\/genexbrasil.com.br\/blog\/wp-content\/uploads\/2022\/07\/genex-avatar-96x96.png","contentUrl":"https:\/\/genexbrasil.com.br\/blog\/wp-content\/uploads\/2022\/07\/genex-avatar-96x96.png","caption":"Genex Brasil"},"url":"https:\/\/genexbrasil.com.br\/blog\/author\/genex-brasil\/"}]}},"_links":{"self":[{"href":"https:\/\/genexbrasil.com.br\/blog\/wp-json\/wp\/v2\/posts\/284"}],"collection":[{"href":"https:\/\/genexbrasil.com.br\/blog\/wp-json\/wp\/v2\/posts"}],"about":[{"href":"https:\/\/genexbrasil.com.br\/blog\/wp-json\/wp\/v2\/types\/post"}],"author":[{"embeddable":true,"href":"https:\/\/genexbrasil.com.br\/blog\/wp-json\/wp\/v2\/users\/3"}],"replies":[{"embeddable":true,"href":"https:\/\/genexbrasil.com.br\/blog\/wp-json\/wp\/v2\/comments?post=284"}],"version-history":[{"count":2,"href":"https:\/\/genexbrasil.com.br\/blog\/wp-json\/wp\/v2\/posts\/284\/revisions"}],"predecessor-version":[{"id":289,"href":"https:\/\/genexbrasil.com.br\/blog\/wp-json\/wp\/v2\/posts\/284\/revisions\/289"}],"wp:featuredmedia":[{"embeddable":true,"href":"https:\/\/genexbrasil.com.br\/blog\/wp-json\/wp\/v2\/media\/286"}],"wp:attachment":[{"href":"https:\/\/genexbrasil.com.br\/blog\/wp-json\/wp\/v2\/media?parent=284"}],"wp:term":[{"taxonomy":"category","embeddable":true,"href":"https:\/\/genexbrasil.com.br\/blog\/wp-json\/wp\/v2\/categories?post=284"},{"taxonomy":"post_tag","embeddable":true,"href":"https:\/\/genexbrasil.com.br\/blog\/wp-json\/wp\/v2\/tags?post=284"}],"curies":[{"name":"wp","href":"https:\/\/api.w.org\/{rel}","templated":true}]}}