{"id":224,"date":"2022-09-01T11:24:34","date_gmt":"2022-09-01T14:24:34","guid":{"rendered":"https:\/\/genexbrasil.com.br\/blog\/?p=224"},"modified":"2022-09-01T11:24:34","modified_gmt":"2022-09-01T14:24:34","slug":"participacao-da-genex-na-expointer","status":"publish","type":"post","link":"https:\/\/genexbrasil.com.br\/blog\/participacao-da-genex-na-expointer\/","title":{"rendered":"PARTICIPA\u00c7\u00c3O DA GENEX NA EXPOINTER"},"content":{"rendered":"<div class=\"ql-block\" data-block-id=\"block-0e293f57-7424-4950-9e06-0eed7abf762e\">COME\u00c7OU A EXPOINTER 2022!<\/div>\n<div class=\"ql-block\" data-block-id=\"block-09c1f6d8-449c-45c3-90fd-8ce1dbf94f2b\"><\/div>\n<div class=\"ql-block\" data-block-id=\"block-2c15987e-159a-4e8c-b599-f45636177d7a\">VENHA CONHECER A CASA DA GENEX EM UM DOS MAIORES EVENTOS DO AGRO NACIONAL!<\/div>\n<div class=\"ql-block\" data-block-id=\"block-54df9c6f-fb2b-4193-af06-4ef87f088303\"><\/div>\n<div class=\"ql-block\" data-block-id=\"block-ef75c587-7b5a-44aa-90d7-8128a340dade\">Do dia 27 de agosto ao dia 4 de setembro, fa\u00e7a-nos uma visita e confira toda a qualidade gen\u00e9tica dos touros de nossa bateria!<\/div>\n<div class=\"ql-block\" data-block-id=\"block-a6cc6f04-19e4-4874-aded-13007e3ac7e4\"><\/div>\n<div class=\"ql-block\" data-block-id=\"block-827e2505-e42f-4386-b147-f71cb4cfaa15\">Estamos te esperando!<\/div>\n","protected":false},"excerpt":{"rendered":"<p>COME\u00c7OU A EXPOINTER 2022! VENHA CONHECER A CASA DA GENEX EM UM DOS MAIORES EVENTOS DO AGRO NACIONAL! Do dia 27 de agosto ao dia 4 de setembro, fa\u00e7a-nos uma visita e confira toda a qualidade gen\u00e9tica dos touros de nossa bateria! Estamos te esperando!<\/p>\n","protected":false},"author":3,"featured_media":225,"comment_status":"open","ping_status":"open","sticky":false,"template":"","format":"standard","meta":{"inline_featured_image":false,"footnotes":""},"categories":[38],"tags":[40,11,39,42,7,41],"yoast_head":"<!-- This site is optimized with the Yoast SEO plugin v19.2 - https:\/\/yoast.com\/wordpress\/plugins\/seo\/ -->\r\n<title>PARTICIPA\u00c7\u00c3O DA GENEX NA EXPOINTER - Genex Brasil - Blog<\/title>\r\n<meta name=\"description\" content=\"VENHA CONHECER A CASA DA GENEX EM UM DOS MAIORES EVENTOS DO AGRO NACIONAL!\" \/>\r\n<meta name=\"robots\" content=\"index, follow, max-snippet:-1, max-image-preview:large, max-video-preview:-1\" \/>\r\n<link rel=\"canonical\" href=\"https:\/\/genexbrasil.com.br\/blog\/participacao-da-genex-na-expointer\/\" \/>\r\n<meta property=\"og:locale\" content=\"pt_BR\" \/>\r\n<meta property=\"og:type\" content=\"article\" \/>\r\n<meta property=\"og:title\" content=\"PARTICIPA\u00c7\u00c3O DA GENEX NA EXPOINTER - Genex Brasil - Blog\" \/>\r\n<meta property=\"og:description\" content=\"VENHA CONHECER A CASA DA GENEX EM UM DOS MAIORES EVENTOS DO AGRO NACIONAL!\" \/>\r\n<meta property=\"og:url\" content=\"https:\/\/genexbrasil.com.br\/blog\/participacao-da-genex-na-expointer\/\" \/>\r\n<meta property=\"og:site_name\" content=\"Genex Brasil - Blog\" \/>\r\n<meta property=\"article:publisher\" content=\"https:\/\/www.facebook.com\/GENEXBrasil\" \/>\r\n<meta property=\"article:published_time\" content=\"2022-09-01T14:24:34+00:00\" \/>\r\n<meta property=\"og:image\" content=\"https:\/\/genexbrasil.com.br\/blog\/wp-content\/uploads\/2022\/09\/Expointer.jpeg\" \/>\r\n\t<meta property=\"og:image:width\" content=\"1080\" \/>\r\n\t<meta property=\"og:image:height\" content=\"1080\" \/>\r\n\t<meta property=\"og:image:type\" content=\"image\/jpeg\" \/>\r\n<meta name=\"author\" content=\"Genex Brasil\" \/>\r\n<meta name=\"twitter:card\" content=\"summary_large_image\" \/>\r\n<meta name=\"twitter:label1\" content=\"Escrito por\" \/>\n\t<meta name=\"twitter:data1\" content=\"Genex Brasil\" \/>\n\t<meta name=\"twitter:label2\" content=\"Est. tempo de leitura\" \/>\n\t<meta name=\"twitter:data2\" content=\"1 minuto\" \/>\r\n<script type=\"application\/ld+json\" class=\"yoast-schema-graph\">{\"@context\":\"https:\/\/schema.org\",\"@graph\":[{\"@type\":\"Organization\",\"@id\":\"https:\/\/genexbrasil.com.br\/blog\/#organization\",\"name\":\"Genex Brasil\",\"url\":\"https:\/\/genexbrasil.com.br\/blog\/\",\"sameAs\":[\"https:\/\/www.youtube.com\/c\/GENEXBrasil\",\"https:\/\/www.instagram.com\/genexbrasil\",\"https:\/\/www.linkedin.com\/company\/genexbrasil\",\"https:\/\/www.facebook.com\/GENEXBrasil\"],\"logo\":{\"@type\":\"ImageObject\",\"inLanguage\":\"pt-BR\",\"@id\":\"https:\/\/genexbrasil.com.br\/blog\/#\/schema\/logo\/image\/\",\"url\":\"http:\/\/genex.novasingular.com.br\/blog\/wp-content\/uploads\/2022\/07\/Logo-Genex-em-vetor.svg\",\"contentUrl\":\"http:\/\/genex.novasingular.com.br\/blog\/wp-content\/uploads\/2022\/07\/Logo-Genex-em-vetor.svg\",\"width\":286,\"height\":60,\"caption\":\"Genex Brasil\"},\"image\":{\"@id\":\"https:\/\/genexbrasil.com.br\/blog\/#\/schema\/logo\/image\/\"}},{\"@type\":\"WebSite\",\"@id\":\"https:\/\/genexbrasil.com.br\/blog\/#website\",\"url\":\"https:\/\/genexbrasil.com.br\/blog\/\",\"name\":\"Genex Brasil - Blog\",\"description\":\"A melhor gen\u00e9tica para o futuro do seu rebanho\",\"publisher\":{\"@id\":\"https:\/\/genexbrasil.com.br\/blog\/#organization\"},\"potentialAction\":[{\"@type\":\"SearchAction\",\"target\":{\"@type\":\"EntryPoint\",\"urlTemplate\":\"https:\/\/genexbrasil.com.br\/blog\/?s={search_term_string}\"},\"query-input\":\"required name=search_term_string\"}],\"inLanguage\":\"pt-BR\"},{\"@type\":\"ImageObject\",\"inLanguage\":\"pt-BR\",\"@id\":\"https:\/\/genexbrasil.com.br\/blog\/participacao-da-genex-na-expointer\/#primaryimage\",\"url\":\"https:\/\/genexbrasil.com.br\/blog\/wp-content\/uploads\/2022\/09\/Expointer.jpeg\",\"contentUrl\":\"https:\/\/genexbrasil.com.br\/blog\/wp-content\/uploads\/2022\/09\/Expointer.jpeg\",\"width\":1080,\"height\":1080},{\"@type\":\"WebPage\",\"@id\":\"https:\/\/genexbrasil.com.br\/blog\/participacao-da-genex-na-expointer\/#webpage\",\"url\":\"https:\/\/genexbrasil.com.br\/blog\/participacao-da-genex-na-expointer\/\",\"name\":\"PARTICIPA\u00c7\u00c3O DA GENEX NA EXPOINTER - Genex Brasil - Blog\",\"isPartOf\":{\"@id\":\"https:\/\/genexbrasil.com.br\/blog\/#website\"},\"primaryImageOfPage\":{\"@id\":\"https:\/\/genexbrasil.com.br\/blog\/participacao-da-genex-na-expointer\/#primaryimage\"},\"datePublished\":\"2022-09-01T14:24:34+00:00\",\"dateModified\":\"2022-09-01T14:24:34+00:00\",\"description\":\"VENHA CONHECER A CASA DA GENEX EM UM DOS MAIORES EVENTOS DO AGRO NACIONAL!\",\"breadcrumb\":{\"@id\":\"https:\/\/genexbrasil.com.br\/blog\/participacao-da-genex-na-expointer\/#breadcrumb\"},\"inLanguage\":\"pt-BR\",\"potentialAction\":[{\"@type\":\"ReadAction\",\"target\":[\"https:\/\/genexbrasil.com.br\/blog\/participacao-da-genex-na-expointer\/\"]}]},{\"@type\":\"BreadcrumbList\",\"@id\":\"https:\/\/genexbrasil.com.br\/blog\/participacao-da-genex-na-expointer\/#breadcrumb\",\"itemListElement\":[{\"@type\":\"ListItem\",\"position\":1,\"name\":\"In\u00edcio\",\"item\":\"https:\/\/genexbrasil.com.br\/blog\/\"},{\"@type\":\"ListItem\",\"position\":2,\"name\":\"PARTICIPA\u00c7\u00c3O DA GENEX NA EXPOINTER\"}]},{\"@type\":\"Article\",\"@id\":\"https:\/\/genexbrasil.com.br\/blog\/participacao-da-genex-na-expointer\/#article\",\"isPartOf\":{\"@id\":\"https:\/\/genexbrasil.com.br\/blog\/participacao-da-genex-na-expointer\/#webpage\"},\"author\":{\"name\":\"Genex Brasil\",\"@id\":\"https:\/\/genexbrasil.com.br\/blog\/#\/schema\/person\/61c64d50ce4bc2af697920be39efd0d9\"},\"headline\":\"PARTICIPA\u00c7\u00c3O DA GENEX NA EXPOINTER\",\"datePublished\":\"2022-09-01T14:24:34+00:00\",\"dateModified\":\"2022-09-01T14:24:34+00:00\",\"mainEntityOfPage\":{\"@id\":\"https:\/\/genexbrasil.com.br\/blog\/participacao-da-genex-na-expointer\/#webpage\"},\"wordCount\":51,\"commentCount\":0,\"publisher\":{\"@id\":\"https:\/\/genexbrasil.com.br\/blog\/#organization\"},\"image\":{\"@id\":\"https:\/\/genexbrasil.com.br\/blog\/participacao-da-genex-na-expointer\/#primaryimage\"},\"thumbnailUrl\":\"https:\/\/genexbrasil.com.br\/blog\/wp-content\/uploads\/2022\/09\/Expointer.jpeg\",\"keywords\":[\"#Expointer\",\"#Gen\u00e9tica\",\"#GENEXporgera\u00e7\u00f5es\",\"#Ra\u00e7asTaurinas\",\"#somosGENEX\",\"#TaurinoGENEX\"],\"articleSection\":[\"Eventos\"],\"inLanguage\":\"pt-BR\",\"potentialAction\":[{\"@type\":\"CommentAction\",\"name\":\"Comment\",\"target\":[\"https:\/\/genexbrasil.com.br\/blog\/participacao-da-genex-na-expointer\/#respond\"]}]},{\"@type\":\"Person\",\"@id\":\"https:\/\/genexbrasil.com.br\/blog\/#\/schema\/person\/61c64d50ce4bc2af697920be39efd0d9\",\"name\":\"Genex Brasil\",\"image\":{\"@type\":\"ImageObject\",\"inLanguage\":\"pt-BR\",\"@id\":\"https:\/\/genexbrasil.com.br\/blog\/#\/schema\/person\/image\/\",\"url\":\"https:\/\/genexbrasil.com.br\/blog\/wp-content\/uploads\/2022\/07\/genex-avatar-96x96.png\",\"contentUrl\":\"https:\/\/genexbrasil.com.br\/blog\/wp-content\/uploads\/2022\/07\/genex-avatar-96x96.png\",\"caption\":\"Genex Brasil\"},\"url\":\"https:\/\/genexbrasil.com.br\/blog\/author\/genex-brasil\/\"}]}<\/script>\r\n<!-- \/ Yoast SEO plugin. -->","yoast_head_json":{"title":"PARTICIPA\u00c7\u00c3O DA GENEX NA EXPOINTER - Genex Brasil - Blog","description":"VENHA CONHECER A CASA DA GENEX EM UM DOS MAIORES EVENTOS DO AGRO NACIONAL!","robots":{"index":"index","follow":"follow","max-snippet":"max-snippet:-1","max-image-preview":"max-image-preview:large","max-video-preview":"max-video-preview:-1"},"canonical":"https:\/\/genexbrasil.com.br\/blog\/participacao-da-genex-na-expointer\/","og_locale":"pt_BR","og_type":"article","og_title":"PARTICIPA\u00c7\u00c3O DA GENEX NA EXPOINTER - Genex Brasil - Blog","og_description":"VENHA CONHECER A CASA DA GENEX EM UM DOS MAIORES EVENTOS DO AGRO NACIONAL!","og_url":"https:\/\/genexbrasil.com.br\/blog\/participacao-da-genex-na-expointer\/","og_site_name":"Genex Brasil - Blog","article_publisher":"https:\/\/www.facebook.com\/GENEXBrasil","article_published_time":"2022-09-01T14:24:34+00:00","og_image":[{"width":1080,"height":1080,"url":"https:\/\/genexbrasil.com.br\/blog\/wp-content\/uploads\/2022\/09\/Expointer.jpeg","type":"image\/jpeg"}],"author":"Genex Brasil","twitter_card":"summary_large_image","twitter_misc":{"Escrito por":"Genex Brasil","Est. tempo de leitura":"1 minuto"},"schema":{"@context":"https:\/\/schema.org","@graph":[{"@type":"Organization","@id":"https:\/\/genexbrasil.com.br\/blog\/#organization","name":"Genex Brasil","url":"https:\/\/genexbrasil.com.br\/blog\/","sameAs":["https:\/\/www.youtube.com\/c\/GENEXBrasil","https:\/\/www.instagram.com\/genexbrasil","https:\/\/www.linkedin.com\/company\/genexbrasil","https:\/\/www.facebook.com\/GENEXBrasil"],"logo":{"@type":"ImageObject","inLanguage":"pt-BR","@id":"https:\/\/genexbrasil.com.br\/blog\/#\/schema\/logo\/image\/","url":"http:\/\/genex.novasingular.com.br\/blog\/wp-content\/uploads\/2022\/07\/Logo-Genex-em-vetor.svg","contentUrl":"http:\/\/genex.novasingular.com.br\/blog\/wp-content\/uploads\/2022\/07\/Logo-Genex-em-vetor.svg","width":286,"height":60,"caption":"Genex Brasil"},"image":{"@id":"https:\/\/genexbrasil.com.br\/blog\/#\/schema\/logo\/image\/"}},{"@type":"WebSite","@id":"https:\/\/genexbrasil.com.br\/blog\/#website","url":"https:\/\/genexbrasil.com.br\/blog\/","name":"Genex Brasil - Blog","description":"A melhor gen\u00e9tica para o futuro do seu rebanho","publisher":{"@id":"https:\/\/genexbrasil.com.br\/blog\/#organization"},"potentialAction":[{"@type":"SearchAction","target":{"@type":"EntryPoint","urlTemplate":"https:\/\/genexbrasil.com.br\/blog\/?s={search_term_string}"},"query-input":"required name=search_term_string"}],"inLanguage":"pt-BR"},{"@type":"ImageObject","inLanguage":"pt-BR","@id":"https:\/\/genexbrasil.com.br\/blog\/participacao-da-genex-na-expointer\/#primaryimage","url":"https:\/\/genexbrasil.com.br\/blog\/wp-content\/uploads\/2022\/09\/Expointer.jpeg","contentUrl":"https:\/\/genexbrasil.com.br\/blog\/wp-content\/uploads\/2022\/09\/Expointer.jpeg","width":1080,"height":1080},{"@type":"WebPage","@id":"https:\/\/genexbrasil.com.br\/blog\/participacao-da-genex-na-expointer\/#webpage","url":"https:\/\/genexbrasil.com.br\/blog\/participacao-da-genex-na-expointer\/","name":"PARTICIPA\u00c7\u00c3O DA GENEX NA EXPOINTER - Genex Brasil - Blog","isPartOf":{"@id":"https:\/\/genexbrasil.com.br\/blog\/#website"},"primaryImageOfPage":{"@id":"https:\/\/genexbrasil.com.br\/blog\/participacao-da-genex-na-expointer\/#primaryimage"},"datePublished":"2022-09-01T14:24:34+00:00","dateModified":"2022-09-01T14:24:34+00:00","description":"VENHA CONHECER A CASA DA GENEX EM UM DOS MAIORES EVENTOS DO AGRO NACIONAL!","breadcrumb":{"@id":"https:\/\/genexbrasil.com.br\/blog\/participacao-da-genex-na-expointer\/#breadcrumb"},"inLanguage":"pt-BR","potentialAction":[{"@type":"ReadAction","target":["https:\/\/genexbrasil.com.br\/blog\/participacao-da-genex-na-expointer\/"]}]},{"@type":"BreadcrumbList","@id":"https:\/\/genexbrasil.com.br\/blog\/participacao-da-genex-na-expointer\/#breadcrumb","itemListElement":[{"@type":"ListItem","position":1,"name":"In\u00edcio","item":"https:\/\/genexbrasil.com.br\/blog\/"},{"@type":"ListItem","position":2,"name":"PARTICIPA\u00c7\u00c3O DA GENEX NA EXPOINTER"}]},{"@type":"Article","@id":"https:\/\/genexbrasil.com.br\/blog\/participacao-da-genex-na-expointer\/#article","isPartOf":{"@id":"https:\/\/genexbrasil.com.br\/blog\/participacao-da-genex-na-expointer\/#webpage"},"author":{"name":"Genex Brasil","@id":"https:\/\/genexbrasil.com.br\/blog\/#\/schema\/person\/61c64d50ce4bc2af697920be39efd0d9"},"headline":"PARTICIPA\u00c7\u00c3O DA GENEX NA EXPOINTER","datePublished":"2022-09-01T14:24:34+00:00","dateModified":"2022-09-01T14:24:34+00:00","mainEntityOfPage":{"@id":"https:\/\/genexbrasil.com.br\/blog\/participacao-da-genex-na-expointer\/#webpage"},"wordCount":51,"commentCount":0,"publisher":{"@id":"https:\/\/genexbrasil.com.br\/blog\/#organization"},"image":{"@id":"https:\/\/genexbrasil.com.br\/blog\/participacao-da-genex-na-expointer\/#primaryimage"},"thumbnailUrl":"https:\/\/genexbrasil.com.br\/blog\/wp-content\/uploads\/2022\/09\/Expointer.jpeg","keywords":["#Expointer","#Gen\u00e9tica","#GENEXporgera\u00e7\u00f5es","#Ra\u00e7asTaurinas","#somosGENEX","#TaurinoGENEX"],"articleSection":["Eventos"],"inLanguage":"pt-BR","potentialAction":[{"@type":"CommentAction","name":"Comment","target":["https:\/\/genexbrasil.com.br\/blog\/participacao-da-genex-na-expointer\/#respond"]}]},{"@type":"Person","@id":"https:\/\/genexbrasil.com.br\/blog\/#\/schema\/person\/61c64d50ce4bc2af697920be39efd0d9","name":"Genex Brasil","image":{"@type":"ImageObject","inLanguage":"pt-BR","@id":"https:\/\/genexbrasil.com.br\/blog\/#\/schema\/person\/image\/","url":"https:\/\/genexbrasil.com.br\/blog\/wp-content\/uploads\/2022\/07\/genex-avatar-96x96.png","contentUrl":"https:\/\/genexbrasil.com.br\/blog\/wp-content\/uploads\/2022\/07\/genex-avatar-96x96.png","caption":"Genex Brasil"},"url":"https:\/\/genexbrasil.com.br\/blog\/author\/genex-brasil\/"}]}},"_links":{"self":[{"href":"https:\/\/genexbrasil.com.br\/blog\/wp-json\/wp\/v2\/posts\/224"}],"collection":[{"href":"https:\/\/genexbrasil.com.br\/blog\/wp-json\/wp\/v2\/posts"}],"about":[{"href":"https:\/\/genexbrasil.com.br\/blog\/wp-json\/wp\/v2\/types\/post"}],"author":[{"embeddable":true,"href":"https:\/\/genexbrasil.com.br\/blog\/wp-json\/wp\/v2\/users\/3"}],"replies":[{"embeddable":true,"href":"https:\/\/genexbrasil.com.br\/blog\/wp-json\/wp\/v2\/comments?post=224"}],"version-history":[{"count":1,"href":"https:\/\/genexbrasil.com.br\/blog\/wp-json\/wp\/v2\/posts\/224\/revisions"}],"predecessor-version":[{"id":226,"href":"https:\/\/genexbrasil.com.br\/blog\/wp-json\/wp\/v2\/posts\/224\/revisions\/226"}],"wp:featuredmedia":[{"embeddable":true,"href":"https:\/\/genexbrasil.com.br\/blog\/wp-json\/wp\/v2\/media\/225"}],"wp:attachment":[{"href":"https:\/\/genexbrasil.com.br\/blog\/wp-json\/wp\/v2\/media?parent=224"}],"wp:term":[{"taxonomy":"category","embeddable":true,"href":"https:\/\/genexbrasil.com.br\/blog\/wp-json\/wp\/v2\/categories?post=224"},{"taxonomy":"post_tag","embeddable":true,"href":"https:\/\/genexbrasil.com.br\/blog\/wp-json\/wp\/v2\/tags?post=224"}],"curies":[{"name":"wp","href":"https:\/\/api.w.org\/{rel}","templated":true}]}}