{"id":185,"date":"2022-08-05T13:52:21","date_gmt":"2022-08-05T16:52:21","guid":{"rendered":"http:\/\/genex.novasingular.com.br\/blog\/?p=185"},"modified":"2022-08-05T13:55:57","modified_gmt":"2022-08-05T16:55:57","slug":"a-expointer-vem-ai-e-a-genex-tem-a-melhor-genetica-para-o-seu-rebanho","status":"publish","type":"post","link":"https:\/\/genexbrasil.com.br\/blog\/a-expointer-vem-ai-e-a-genex-tem-a-melhor-genetica-para-o-seu-rebanho\/","title":{"rendered":"A EXPOINTER VEM A\u00cd E A GENEX TEM A MELHOR GEN\u00c9TICA PARA O SEU REBANHO!"},"content":{"rendered":"<p>Esperamos voc\u00eas em nossa casa!<\/p>\n<p>A GENEX vai forte para a ExpoInter 2022, entre os dias 27 de agosto a 4 de setembro, mostrando toda a qualidade e produtividade de seus touros.<\/p>\n<p>Para marcar este evento t\u00e3o importante, os clientes que adquirirem a melhor gen\u00e9tica, de animais selecionados de nossa bateria taurina, ganha at\u00e9 20% de bonifica\u00e7\u00e3o em doses de s\u00eamen.<\/p>\n<p>Aproveite! Procure o seu representante!<\/p>\n<p>&nbsp;<\/p>\n","protected":false},"excerpt":{"rendered":"<p>Esperamos voc\u00eas em nossa casa! A GENEX vai forte para a ExpoInter 2022, entre os dias 27 de agosto a 4 de setembro, mostrando toda a qualidade e produtividade de seus touros. Para marcar este evento t\u00e3o importante, os clientes que adquirirem a melhor gen\u00e9tica, de animais selecionados de nossa bateria taurina, ganha at\u00e9 20% [&hellip;]<\/p>\n","protected":false},"author":3,"featured_media":190,"comment_status":"open","ping_status":"open","sticky":false,"template":"","format":"standard","meta":{"inline_featured_image":false,"footnotes":""},"categories":[38],"tags":[40,11,39,42,7,41],"yoast_head":"<!-- This site is optimized with the Yoast SEO plugin v19.2 - https:\/\/yoast.com\/wordpress\/plugins\/seo\/ -->\r\n<title>A EXPOINTER VEM A\u00cd E A GENEX TEM A MELHOR GEN\u00c9TICA PARA O SEU REBANHO! - Genex Brasil - Blog<\/title>\r\n<meta name=\"description\" content=\"A GENEX vai forte para a ExpoInter 2022, entre os dias 27 de agosto a 4 de setembro, mostrando toda a qualidade e produtividade de seus touros.\" \/>\r\n<meta name=\"robots\" content=\"index, follow, max-snippet:-1, max-image-preview:large, max-video-preview:-1\" \/>\r\n<link rel=\"canonical\" href=\"https:\/\/genexbrasil.com.br\/blog\/a-expointer-vem-ai-e-a-genex-tem-a-melhor-genetica-para-o-seu-rebanho\/\" \/>\r\n<meta property=\"og:locale\" content=\"pt_BR\" \/>\r\n<meta property=\"og:type\" content=\"article\" \/>\r\n<meta property=\"og:title\" content=\"A EXPOINTER VEM A\u00cd E A GENEX TEM A MELHOR GEN\u00c9TICA PARA O SEU REBANHO! - Genex Brasil - Blog\" \/>\r\n<meta property=\"og:description\" content=\"A GENEX vai forte para a ExpoInter 2022, entre os dias 27 de agosto a 4 de setembro, mostrando toda a qualidade e produtividade de seus touros.\" \/>\r\n<meta property=\"og:url\" content=\"https:\/\/genexbrasil.com.br\/blog\/a-expointer-vem-ai-e-a-genex-tem-a-melhor-genetica-para-o-seu-rebanho\/\" \/>\r\n<meta property=\"og:site_name\" content=\"Genex Brasil - Blog\" \/>\r\n<meta property=\"article:publisher\" content=\"https:\/\/www.facebook.com\/GENEXBrasil\" \/>\r\n<meta property=\"article:published_time\" content=\"2022-08-05T16:52:21+00:00\" \/>\r\n<meta property=\"article:modified_time\" content=\"2022-08-05T16:55:57+00:00\" \/>\r\n<meta property=\"og:image\" content=\"https:\/\/genexbrasil.com.br\/blog\/wp-content\/uploads\/2022\/08\/expointer.jpg\" \/>\r\n\t<meta property=\"og:image:width\" content=\"800\" \/>\r\n\t<meta property=\"og:image:height\" content=\"800\" \/>\r\n\t<meta property=\"og:image:type\" content=\"image\/jpeg\" \/>\r\n<meta name=\"author\" content=\"Genex Brasil\" \/>\r\n<meta name=\"twitter:card\" content=\"summary_large_image\" \/>\r\n<meta name=\"twitter:label1\" content=\"Escrito por\" \/>\n\t<meta name=\"twitter:data1\" content=\"Genex Brasil\" \/>\n\t<meta name=\"twitter:label2\" content=\"Est. tempo de leitura\" \/>\n\t<meta name=\"twitter:data2\" content=\"1 minuto\" \/>\r\n<script type=\"application\/ld+json\" class=\"yoast-schema-graph\">{\"@context\":\"https:\/\/schema.org\",\"@graph\":[{\"@type\":\"Organization\",\"@id\":\"https:\/\/genexbrasil.com.br\/blog\/#organization\",\"name\":\"Genex Brasil\",\"url\":\"https:\/\/genexbrasil.com.br\/blog\/\",\"sameAs\":[\"https:\/\/www.youtube.com\/c\/GENEXBrasil\",\"https:\/\/www.instagram.com\/genexbrasil\",\"https:\/\/www.linkedin.com\/company\/genexbrasil\",\"https:\/\/www.facebook.com\/GENEXBrasil\"],\"logo\":{\"@type\":\"ImageObject\",\"inLanguage\":\"pt-BR\",\"@id\":\"https:\/\/genexbrasil.com.br\/blog\/#\/schema\/logo\/image\/\",\"url\":\"http:\/\/genex.novasingular.com.br\/blog\/wp-content\/uploads\/2022\/07\/Logo-Genex-em-vetor.svg\",\"contentUrl\":\"http:\/\/genex.novasingular.com.br\/blog\/wp-content\/uploads\/2022\/07\/Logo-Genex-em-vetor.svg\",\"width\":286,\"height\":60,\"caption\":\"Genex Brasil\"},\"image\":{\"@id\":\"https:\/\/genexbrasil.com.br\/blog\/#\/schema\/logo\/image\/\"}},{\"@type\":\"WebSite\",\"@id\":\"https:\/\/genexbrasil.com.br\/blog\/#website\",\"url\":\"https:\/\/genexbrasil.com.br\/blog\/\",\"name\":\"Genex Brasil - Blog\",\"description\":\"A melhor gen\u00e9tica para o futuro do seu rebanho\",\"publisher\":{\"@id\":\"https:\/\/genexbrasil.com.br\/blog\/#organization\"},\"potentialAction\":[{\"@type\":\"SearchAction\",\"target\":{\"@type\":\"EntryPoint\",\"urlTemplate\":\"https:\/\/genexbrasil.com.br\/blog\/?s={search_term_string}\"},\"query-input\":\"required name=search_term_string\"}],\"inLanguage\":\"pt-BR\"},{\"@type\":\"ImageObject\",\"inLanguage\":\"pt-BR\",\"@id\":\"https:\/\/genexbrasil.com.br\/blog\/a-expointer-vem-ai-e-a-genex-tem-a-melhor-genetica-para-o-seu-rebanho\/#primaryimage\",\"url\":\"https:\/\/genexbrasil.com.br\/blog\/wp-content\/uploads\/2022\/08\/expointer.jpg\",\"contentUrl\":\"https:\/\/genexbrasil.com.br\/blog\/wp-content\/uploads\/2022\/08\/expointer.jpg\",\"width\":800,\"height\":800,\"caption\":\"Expointer\"},{\"@type\":\"WebPage\",\"@id\":\"https:\/\/genexbrasil.com.br\/blog\/a-expointer-vem-ai-e-a-genex-tem-a-melhor-genetica-para-o-seu-rebanho\/#webpage\",\"url\":\"https:\/\/genexbrasil.com.br\/blog\/a-expointer-vem-ai-e-a-genex-tem-a-melhor-genetica-para-o-seu-rebanho\/\",\"name\":\"A EXPOINTER VEM A\u00cd E A GENEX TEM A MELHOR GEN\u00c9TICA PARA O SEU REBANHO! - Genex Brasil - Blog\",\"isPartOf\":{\"@id\":\"https:\/\/genexbrasil.com.br\/blog\/#website\"},\"primaryImageOfPage\":{\"@id\":\"https:\/\/genexbrasil.com.br\/blog\/a-expointer-vem-ai-e-a-genex-tem-a-melhor-genetica-para-o-seu-rebanho\/#primaryimage\"},\"datePublished\":\"2022-08-05T16:52:21+00:00\",\"dateModified\":\"2022-08-05T16:55:57+00:00\",\"description\":\"A GENEX vai forte para a ExpoInter 2022, entre os dias 27 de agosto a 4 de setembro, mostrando toda a qualidade e produtividade de seus touros.\",\"breadcrumb\":{\"@id\":\"https:\/\/genexbrasil.com.br\/blog\/a-expointer-vem-ai-e-a-genex-tem-a-melhor-genetica-para-o-seu-rebanho\/#breadcrumb\"},\"inLanguage\":\"pt-BR\",\"potentialAction\":[{\"@type\":\"ReadAction\",\"target\":[\"https:\/\/genexbrasil.com.br\/blog\/a-expointer-vem-ai-e-a-genex-tem-a-melhor-genetica-para-o-seu-rebanho\/\"]}]},{\"@type\":\"BreadcrumbList\",\"@id\":\"https:\/\/genexbrasil.com.br\/blog\/a-expointer-vem-ai-e-a-genex-tem-a-melhor-genetica-para-o-seu-rebanho\/#breadcrumb\",\"itemListElement\":[{\"@type\":\"ListItem\",\"position\":1,\"name\":\"In\u00edcio\",\"item\":\"https:\/\/genexbrasil.com.br\/blog\/\"},{\"@type\":\"ListItem\",\"position\":2,\"name\":\"A EXPOINTER VEM A\u00cd E A GENEX TEM A MELHOR GEN\u00c9TICA PARA O SEU REBANHO!\"}]},{\"@type\":\"Article\",\"@id\":\"https:\/\/genexbrasil.com.br\/blog\/a-expointer-vem-ai-e-a-genex-tem-a-melhor-genetica-para-o-seu-rebanho\/#article\",\"isPartOf\":{\"@id\":\"https:\/\/genexbrasil.com.br\/blog\/a-expointer-vem-ai-e-a-genex-tem-a-melhor-genetica-para-o-seu-rebanho\/#webpage\"},\"author\":{\"name\":\"Genex Brasil\",\"@id\":\"https:\/\/genexbrasil.com.br\/blog\/#\/schema\/person\/61c64d50ce4bc2af697920be39efd0d9\"},\"headline\":\"A EXPOINTER VEM A\u00cd E A GENEX TEM A MELHOR GEN\u00c9TICA PARA O SEU REBANHO!\",\"datePublished\":\"2022-08-05T16:52:21+00:00\",\"dateModified\":\"2022-08-05T16:55:57+00:00\",\"mainEntityOfPage\":{\"@id\":\"https:\/\/genexbrasil.com.br\/blog\/a-expointer-vem-ai-e-a-genex-tem-a-melhor-genetica-para-o-seu-rebanho\/#webpage\"},\"wordCount\":83,\"commentCount\":0,\"publisher\":{\"@id\":\"https:\/\/genexbrasil.com.br\/blog\/#organization\"},\"image\":{\"@id\":\"https:\/\/genexbrasil.com.br\/blog\/a-expointer-vem-ai-e-a-genex-tem-a-melhor-genetica-para-o-seu-rebanho\/#primaryimage\"},\"thumbnailUrl\":\"https:\/\/genexbrasil.com.br\/blog\/wp-content\/uploads\/2022\/08\/expointer.jpg\",\"keywords\":[\"#Expointer\",\"#Gen\u00e9tica\",\"#GENEXporgera\u00e7\u00f5es\",\"#Ra\u00e7asTaurinas\",\"#somosGENEX\",\"#TaurinoGENEX\"],\"articleSection\":[\"Eventos\"],\"inLanguage\":\"pt-BR\",\"potentialAction\":[{\"@type\":\"CommentAction\",\"name\":\"Comment\",\"target\":[\"https:\/\/genexbrasil.com.br\/blog\/a-expointer-vem-ai-e-a-genex-tem-a-melhor-genetica-para-o-seu-rebanho\/#respond\"]}]},{\"@type\":\"Person\",\"@id\":\"https:\/\/genexbrasil.com.br\/blog\/#\/schema\/person\/61c64d50ce4bc2af697920be39efd0d9\",\"name\":\"Genex Brasil\",\"image\":{\"@type\":\"ImageObject\",\"inLanguage\":\"pt-BR\",\"@id\":\"https:\/\/genexbrasil.com.br\/blog\/#\/schema\/person\/image\/\",\"url\":\"https:\/\/genexbrasil.com.br\/blog\/wp-content\/uploads\/2022\/07\/genex-avatar-96x96.png\",\"contentUrl\":\"https:\/\/genexbrasil.com.br\/blog\/wp-content\/uploads\/2022\/07\/genex-avatar-96x96.png\",\"caption\":\"Genex Brasil\"},\"url\":\"https:\/\/genexbrasil.com.br\/blog\/author\/genex-brasil\/\"}]}<\/script>\r\n<!-- \/ Yoast SEO plugin. -->","yoast_head_json":{"title":"A EXPOINTER VEM A\u00cd E A GENEX TEM A MELHOR GEN\u00c9TICA PARA O SEU REBANHO! - Genex Brasil - Blog","description":"A GENEX vai forte para a ExpoInter 2022, entre os dias 27 de agosto a 4 de setembro, mostrando toda a qualidade e produtividade de seus touros.","robots":{"index":"index","follow":"follow","max-snippet":"max-snippet:-1","max-image-preview":"max-image-preview:large","max-video-preview":"max-video-preview:-1"},"canonical":"https:\/\/genexbrasil.com.br\/blog\/a-expointer-vem-ai-e-a-genex-tem-a-melhor-genetica-para-o-seu-rebanho\/","og_locale":"pt_BR","og_type":"article","og_title":"A EXPOINTER VEM A\u00cd E A GENEX TEM A MELHOR GEN\u00c9TICA PARA O SEU REBANHO! - Genex Brasil - Blog","og_description":"A GENEX vai forte para a ExpoInter 2022, entre os dias 27 de agosto a 4 de setembro, mostrando toda a qualidade e produtividade de seus touros.","og_url":"https:\/\/genexbrasil.com.br\/blog\/a-expointer-vem-ai-e-a-genex-tem-a-melhor-genetica-para-o-seu-rebanho\/","og_site_name":"Genex Brasil - Blog","article_publisher":"https:\/\/www.facebook.com\/GENEXBrasil","article_published_time":"2022-08-05T16:52:21+00:00","article_modified_time":"2022-08-05T16:55:57+00:00","og_image":[{"width":800,"height":800,"url":"https:\/\/genexbrasil.com.br\/blog\/wp-content\/uploads\/2022\/08\/expointer.jpg","type":"image\/jpeg"}],"author":"Genex Brasil","twitter_card":"summary_large_image","twitter_misc":{"Escrito por":"Genex Brasil","Est. tempo de leitura":"1 minuto"},"schema":{"@context":"https:\/\/schema.org","@graph":[{"@type":"Organization","@id":"https:\/\/genexbrasil.com.br\/blog\/#organization","name":"Genex Brasil","url":"https:\/\/genexbrasil.com.br\/blog\/","sameAs":["https:\/\/www.youtube.com\/c\/GENEXBrasil","https:\/\/www.instagram.com\/genexbrasil","https:\/\/www.linkedin.com\/company\/genexbrasil","https:\/\/www.facebook.com\/GENEXBrasil"],"logo":{"@type":"ImageObject","inLanguage":"pt-BR","@id":"https:\/\/genexbrasil.com.br\/blog\/#\/schema\/logo\/image\/","url":"http:\/\/genex.novasingular.com.br\/blog\/wp-content\/uploads\/2022\/07\/Logo-Genex-em-vetor.svg","contentUrl":"http:\/\/genex.novasingular.com.br\/blog\/wp-content\/uploads\/2022\/07\/Logo-Genex-em-vetor.svg","width":286,"height":60,"caption":"Genex Brasil"},"image":{"@id":"https:\/\/genexbrasil.com.br\/blog\/#\/schema\/logo\/image\/"}},{"@type":"WebSite","@id":"https:\/\/genexbrasil.com.br\/blog\/#website","url":"https:\/\/genexbrasil.com.br\/blog\/","name":"Genex Brasil - Blog","description":"A melhor gen\u00e9tica para o futuro do seu rebanho","publisher":{"@id":"https:\/\/genexbrasil.com.br\/blog\/#organization"},"potentialAction":[{"@type":"SearchAction","target":{"@type":"EntryPoint","urlTemplate":"https:\/\/genexbrasil.com.br\/blog\/?s={search_term_string}"},"query-input":"required name=search_term_string"}],"inLanguage":"pt-BR"},{"@type":"ImageObject","inLanguage":"pt-BR","@id":"https:\/\/genexbrasil.com.br\/blog\/a-expointer-vem-ai-e-a-genex-tem-a-melhor-genetica-para-o-seu-rebanho\/#primaryimage","url":"https:\/\/genexbrasil.com.br\/blog\/wp-content\/uploads\/2022\/08\/expointer.jpg","contentUrl":"https:\/\/genexbrasil.com.br\/blog\/wp-content\/uploads\/2022\/08\/expointer.jpg","width":800,"height":800,"caption":"Expointer"},{"@type":"WebPage","@id":"https:\/\/genexbrasil.com.br\/blog\/a-expointer-vem-ai-e-a-genex-tem-a-melhor-genetica-para-o-seu-rebanho\/#webpage","url":"https:\/\/genexbrasil.com.br\/blog\/a-expointer-vem-ai-e-a-genex-tem-a-melhor-genetica-para-o-seu-rebanho\/","name":"A EXPOINTER VEM A\u00cd E A GENEX TEM A MELHOR GEN\u00c9TICA PARA O SEU REBANHO! - Genex Brasil - Blog","isPartOf":{"@id":"https:\/\/genexbrasil.com.br\/blog\/#website"},"primaryImageOfPage":{"@id":"https:\/\/genexbrasil.com.br\/blog\/a-expointer-vem-ai-e-a-genex-tem-a-melhor-genetica-para-o-seu-rebanho\/#primaryimage"},"datePublished":"2022-08-05T16:52:21+00:00","dateModified":"2022-08-05T16:55:57+00:00","description":"A GENEX vai forte para a ExpoInter 2022, entre os dias 27 de agosto a 4 de setembro, mostrando toda a qualidade e produtividade de seus touros.","breadcrumb":{"@id":"https:\/\/genexbrasil.com.br\/blog\/a-expointer-vem-ai-e-a-genex-tem-a-melhor-genetica-para-o-seu-rebanho\/#breadcrumb"},"inLanguage":"pt-BR","potentialAction":[{"@type":"ReadAction","target":["https:\/\/genexbrasil.com.br\/blog\/a-expointer-vem-ai-e-a-genex-tem-a-melhor-genetica-para-o-seu-rebanho\/"]}]},{"@type":"BreadcrumbList","@id":"https:\/\/genexbrasil.com.br\/blog\/a-expointer-vem-ai-e-a-genex-tem-a-melhor-genetica-para-o-seu-rebanho\/#breadcrumb","itemListElement":[{"@type":"ListItem","position":1,"name":"In\u00edcio","item":"https:\/\/genexbrasil.com.br\/blog\/"},{"@type":"ListItem","position":2,"name":"A EXPOINTER VEM A\u00cd E A GENEX TEM A MELHOR GEN\u00c9TICA PARA O SEU REBANHO!"}]},{"@type":"Article","@id":"https:\/\/genexbrasil.com.br\/blog\/a-expointer-vem-ai-e-a-genex-tem-a-melhor-genetica-para-o-seu-rebanho\/#article","isPartOf":{"@id":"https:\/\/genexbrasil.com.br\/blog\/a-expointer-vem-ai-e-a-genex-tem-a-melhor-genetica-para-o-seu-rebanho\/#webpage"},"author":{"name":"Genex Brasil","@id":"https:\/\/genexbrasil.com.br\/blog\/#\/schema\/person\/61c64d50ce4bc2af697920be39efd0d9"},"headline":"A EXPOINTER VEM A\u00cd E A GENEX TEM A MELHOR GEN\u00c9TICA PARA O SEU REBANHO!","datePublished":"2022-08-05T16:52:21+00:00","dateModified":"2022-08-05T16:55:57+00:00","mainEntityOfPage":{"@id":"https:\/\/genexbrasil.com.br\/blog\/a-expointer-vem-ai-e-a-genex-tem-a-melhor-genetica-para-o-seu-rebanho\/#webpage"},"wordCount":83,"commentCount":0,"publisher":{"@id":"https:\/\/genexbrasil.com.br\/blog\/#organization"},"image":{"@id":"https:\/\/genexbrasil.com.br\/blog\/a-expointer-vem-ai-e-a-genex-tem-a-melhor-genetica-para-o-seu-rebanho\/#primaryimage"},"thumbnailUrl":"https:\/\/genexbrasil.com.br\/blog\/wp-content\/uploads\/2022\/08\/expointer.jpg","keywords":["#Expointer","#Gen\u00e9tica","#GENEXporgera\u00e7\u00f5es","#Ra\u00e7asTaurinas","#somosGENEX","#TaurinoGENEX"],"articleSection":["Eventos"],"inLanguage":"pt-BR","potentialAction":[{"@type":"CommentAction","name":"Comment","target":["https:\/\/genexbrasil.com.br\/blog\/a-expointer-vem-ai-e-a-genex-tem-a-melhor-genetica-para-o-seu-rebanho\/#respond"]}]},{"@type":"Person","@id":"https:\/\/genexbrasil.com.br\/blog\/#\/schema\/person\/61c64d50ce4bc2af697920be39efd0d9","name":"Genex Brasil","image":{"@type":"ImageObject","inLanguage":"pt-BR","@id":"https:\/\/genexbrasil.com.br\/blog\/#\/schema\/person\/image\/","url":"https:\/\/genexbrasil.com.br\/blog\/wp-content\/uploads\/2022\/07\/genex-avatar-96x96.png","contentUrl":"https:\/\/genexbrasil.com.br\/blog\/wp-content\/uploads\/2022\/07\/genex-avatar-96x96.png","caption":"Genex Brasil"},"url":"https:\/\/genexbrasil.com.br\/blog\/author\/genex-brasil\/"}]}},"_links":{"self":[{"href":"https:\/\/genexbrasil.com.br\/blog\/wp-json\/wp\/v2\/posts\/185"}],"collection":[{"href":"https:\/\/genexbrasil.com.br\/blog\/wp-json\/wp\/v2\/posts"}],"about":[{"href":"https:\/\/genexbrasil.com.br\/blog\/wp-json\/wp\/v2\/types\/post"}],"author":[{"embeddable":true,"href":"https:\/\/genexbrasil.com.br\/blog\/wp-json\/wp\/v2\/users\/3"}],"replies":[{"embeddable":true,"href":"https:\/\/genexbrasil.com.br\/blog\/wp-json\/wp\/v2\/comments?post=185"}],"version-history":[{"count":1,"href":"https:\/\/genexbrasil.com.br\/blog\/wp-json\/wp\/v2\/posts\/185\/revisions"}],"predecessor-version":[{"id":187,"href":"https:\/\/genexbrasil.com.br\/blog\/wp-json\/wp\/v2\/posts\/185\/revisions\/187"}],"wp:featuredmedia":[{"embeddable":true,"href":"https:\/\/genexbrasil.com.br\/blog\/wp-json\/wp\/v2\/media\/190"}],"wp:attachment":[{"href":"https:\/\/genexbrasil.com.br\/blog\/wp-json\/wp\/v2\/media?parent=185"}],"wp:term":[{"taxonomy":"category","embeddable":true,"href":"https:\/\/genexbrasil.com.br\/blog\/wp-json\/wp\/v2\/categories?post=185"},{"taxonomy":"post_tag","embeddable":true,"href":"https:\/\/genexbrasil.com.br\/blog\/wp-json\/wp\/v2\/tags?post=185"}],"curies":[{"name":"wp","href":"https:\/\/api.w.org\/{rel}","templated":true}]}}