{"id":179,"date":"2021-12-07T13:27:08","date_gmt":"2021-12-07T15:27:08","guid":{"rendered":"http:\/\/genex.novasingular.com.br\/blog\/?p=179"},"modified":"2022-08-05T13:32:49","modified_gmt":"2022-08-05T16:32:49","slug":"genex-anuncia-centro-de-biotecnologia-e-difusao-genetica-em-uberaba-mg","status":"publish","type":"post","link":"https:\/\/genexbrasil.com.br\/blog\/genex-anuncia-centro-de-biotecnologia-e-difusao-genetica-em-uberaba-mg\/","title":{"rendered":"GENEX anuncia Centro de Biotecnologia e Difus\u00e3o Gen\u00e9tica em Uberaba (MG)"},"content":{"rendered":"<p>&nbsp;<\/p>\n<p>Visando atender parte do plano de expans\u00e3o que prev\u00ea crescimento na casa de 20% ao ano em quatro anos, duplicando de tamanho no Brasil at\u00e9 2025, a multinacional americana GENEX, uma das l\u00edderes em insemina\u00e7\u00e3o artificial de bovinos, vai lan\u00e7ar para o mercado o pr\u00f3prio Centro de Biotecnologia e Difus\u00e3o Gen\u00e9tica. Com capacidade para alojar e coletar, inicialmente, cerca de 150 touros, o empreendimento vai contar com piquetes individuais, projetados de acordo com todas as normas de biosseguran\u00e7a e conforto animal, garantindo a adequada produ\u00e7\u00e3o de gen\u00e9tica e comercializa\u00e7\u00e3o em todo o territ\u00f3rio nacional e exporta\u00e7\u00e3o aos pa\u00edses que possuem protocolos sanit\u00e1rios com o Brasil.<\/p>\n<p>\u201cO novo projeto da GENEX Brasil \u00e9 resultado de mais de 15 anos de experi\u00eancia e pioneirismo da companhia no melhoramento gen\u00e9tico de bovinos no pa\u00eds, sem contar todo o hist\u00f3rico de mais de 60 anos de atua\u00e7\u00e3o no contexto global. Esse investimento comprova a confian\u00e7a do conglomerado Pon Holding &#8211; do qual fazem parte o grupo URUS e, consequentemente, a GENEX \u2013 na pecu\u00e1ria brasileira\u201d, diz S\u00e9rgio Saud, diretor executivo da GENEX Brasil.<\/p>\n<p>Para Judd Hanson, vice-presidente de vendas globais da GENEX, a empresa est\u00e1 crescendo muito r\u00e1pido no Brasil, por isso, ele v\u00ea o projeto como uma grande oportunidade. \u201cO Brasil \u00e9 o pa\u00eds onde o neg\u00f3cio da GENEX cresce mais intensamente, no mundo. Temos certeza de que termos nossa central pr\u00f3pria aqui \u00e9 o caminho certo para levarmos a GENEX ainda mais longe no mercado brasileiro\u201d, analisa.<\/p>\n<p>O Centro de Biotecnologia e Difus\u00e3o Gen\u00e9tica GENEX est\u00e1 localizado no km 158, \u00e0s margens da BR-050, munic\u00edpio de Uberaba (MG), regi\u00e3o conhecida como \u201cber\u00e7o do zebu\u201d. \u00a0O local estrat\u00e9gico escolhido para o centro facilita tamb\u00e9m a visita de pecuaristas, t\u00e9cnicos, representantes e demais pessoas relacionadas ao agroneg\u00f3cio. \u201cNo Brasil, h\u00e1 a tradi\u00e7\u00e3o das feiras agropecu\u00e1rias, que re\u00fane um grande grupo de produtores o ano todo. Al\u00e9m disso, a cultura do criador \u00e9 conhecer pessoalmente os reprodutores, ent\u00e3o, nossa central ser\u00e1 tamb\u00e9m um grande showroom, uma vitrine para que o pecuarista escolha, com a ajuda de nossos consultores e t\u00e9cnicos, os touros mais indicados para promover o melhoramento gen\u00e9tico do seu rebanho\u201d, afirma S\u00e9rgio Saud.<\/p>\n<p>A central pr\u00f3pria de insemina\u00e7\u00e3o artificial tamb\u00e9m vai proporcionar maior controle sobre a produ\u00e7\u00e3o de s\u00eamen. \u201cSignifica termos mais autonomia no manejo dos touros e melhor disponibiliza\u00e7\u00e3o dos produtos, al\u00e9m de fortalecer o posicionamento de marca e visibilidade da GENEX junto ao mercado\u201d, informa Guilherme Gallerani, diretor de marketing e inova\u00e7\u00e3o da GENEX Brasil. A migra\u00e7\u00e3o dos touros que atualmente est\u00e3o alocados nas centrais parceiras para o centro pr\u00f3prio ser\u00e1 feita de forma gradual e organizada para que a adapta\u00e7\u00e3o seja a mais adequada poss\u00edvel. A sede administrativa e log\u00edstica da GENEX continua sendo em S\u00e3o Carlos (SP).<\/p>\n<h3><strong>Produtividade<\/strong><\/h3>\n<p>Com base no n\u00famero de machos alojados, o Centro de Biotecnologia e Difus\u00e3o Gen\u00e9tica de bovinos pode atingir a produ\u00e7\u00e3o de at\u00e9 5 milh\u00f5es doses de s\u00eamen at\u00e9 o final de 2025.<\/p>\n<h3><strong>Sobre a GENEX<\/strong><\/h3>\n<p>A GENEX Brasil, empresa do grupo URUS, \u00e9 refer\u00eancia mundial em melhoramento gen\u00e9tico bovino, solu\u00e7\u00f5es tecnol\u00f3gicas e de cuidados para os rebanhos. Seu foco \u00e9 gerar valor aos clientes, por meio da produtividade e lucratividade de seus neg\u00f3cios. A GENEX tem matriz em Wisconsin (EUA) e \u00e9 consagrada globalmente pelo seu car\u00e1ter inovador no mercado de insemina\u00e7\u00e3o artificial e pelo pioneirismo na sele\u00e7\u00e3o gen\u00e9tica da ra\u00e7a taurina Angus (corte) e na europeia Holand\u00eas (Leite), estendendo sua excel\u00eancia gen\u00e9tica tamb\u00e9m \u00e0s demais ra\u00e7as, com destaque para as zebu\u00ednas, especialmente o Nelore. A GENEX est\u00e1 no Brasil desde 2005, com sede em S\u00e3o Carlos (SP), e presen\u00e7a em todos os estados brasileiros, com uma extensa equipe t\u00e9cnico-comercial. Traz, em seu DNA, a ess\u00eancia cooperativista e o esp\u00edrito pecuarista, por isso, est\u00e1 sempre pronta para atender as demandas do produtor, visando a prosperidade de seu rebanho, de seu futuro e das pr\u00f3ximas gera\u00e7\u00f5es. Veja mais informa\u00e7\u00f5es no site<a href=\"http:\/\/www.genexbrasil.com.br\/home\">\u00a0http:\/\/www.genexbrasil.com.br\/home<\/a>, no e-commerce<a href=\"https:\/\/genex.erural.net\/\">\u00a0https:\/\/genex.erural.net\/<\/a>\u00a0ou nas redes sociais: @genexbrasil.<\/p>\n","protected":false},"excerpt":{"rendered":"<p>&nbsp; Visando atender parte do plano de expans\u00e3o que prev\u00ea crescimento na casa de 20% ao ano em quatro anos, duplicando de tamanho no Brasil at\u00e9 2025, a multinacional americana GENEX, uma das l\u00edderes em insemina\u00e7\u00e3o artificial de bovinos, vai lan\u00e7ar para o mercado o pr\u00f3prio Centro de Biotecnologia e Difus\u00e3o Gen\u00e9tica. Com capacidade para [&hellip;]<\/p>\n","protected":false},"author":3,"featured_media":180,"comment_status":"open","ping_status":"open","sticky":false,"template":"","format":"standard","meta":{"inline_featured_image":false,"footnotes":""},"categories":[5],"tags":[37,27],"yoast_head":"<!-- This site is optimized with the Yoast SEO plugin v19.2 - https:\/\/yoast.com\/wordpress\/plugins\/seo\/ -->\r\n<title>GENEX anuncia Centro de Biotecnologia e Difus\u00e3o Gen\u00e9tica em Uberaba (MG) - Genex Brasil - Blog<\/title>\r\n<meta name=\"description\" content=\"GENEX anuncia Centro de Biotecnologia e Difus\u00e3o Gen\u00e9tica em Uberaba (MG)\" \/>\r\n<meta name=\"robots\" content=\"index, follow, max-snippet:-1, max-image-preview:large, max-video-preview:-1\" \/>\r\n<link rel=\"canonical\" href=\"https:\/\/genexbrasil.com.br\/blog\/genex-anuncia-centro-de-biotecnologia-e-difusao-genetica-em-uberaba-mg\/\" \/>\r\n<meta property=\"og:locale\" content=\"pt_BR\" \/>\r\n<meta property=\"og:type\" content=\"article\" \/>\r\n<meta property=\"og:title\" content=\"GENEX anuncia Centro de Biotecnologia e Difus\u00e3o Gen\u00e9tica em Uberaba (MG) - Genex Brasil - Blog\" \/>\r\n<meta property=\"og:description\" content=\"GENEX anuncia Centro de Biotecnologia e Difus\u00e3o Gen\u00e9tica em Uberaba (MG)\" \/>\r\n<meta property=\"og:url\" content=\"https:\/\/genexbrasil.com.br\/blog\/genex-anuncia-centro-de-biotecnologia-e-difusao-genetica-em-uberaba-mg\/\" \/>\r\n<meta property=\"og:site_name\" content=\"Genex Brasil - Blog\" \/>\r\n<meta property=\"article:publisher\" content=\"https:\/\/www.facebook.com\/GENEXBrasil\" \/>\r\n<meta property=\"article:published_time\" content=\"2021-12-07T15:27:08+00:00\" \/>\r\n<meta property=\"article:modified_time\" content=\"2022-08-05T16:32:49+00:00\" \/>\r\n<meta property=\"og:image\" content=\"https:\/\/genexbrasil.com.br\/blog\/wp-content\/uploads\/2022\/08\/centro-biotecnologia.png\" \/>\r\n\t<meta property=\"og:image:width\" content=\"800\" \/>\r\n\t<meta property=\"og:image:height\" content=\"492\" \/>\r\n\t<meta property=\"og:image:type\" content=\"image\/png\" \/>\r\n<meta name=\"author\" content=\"Genex Brasil\" \/>\r\n<meta name=\"twitter:card\" content=\"summary_large_image\" \/>\r\n<meta name=\"twitter:label1\" content=\"Escrito por\" \/>\n\t<meta name=\"twitter:data1\" content=\"Genex Brasil\" \/>\n\t<meta name=\"twitter:label2\" content=\"Est. tempo de leitura\" \/>\n\t<meta name=\"twitter:data2\" content=\"4 minutos\" \/>\r\n<script type=\"application\/ld+json\" class=\"yoast-schema-graph\">{\"@context\":\"https:\/\/schema.org\",\"@graph\":[{\"@type\":\"Organization\",\"@id\":\"https:\/\/genexbrasil.com.br\/blog\/#organization\",\"name\":\"Genex Brasil\",\"url\":\"https:\/\/genexbrasil.com.br\/blog\/\",\"sameAs\":[\"https:\/\/www.youtube.com\/c\/GENEXBrasil\",\"https:\/\/www.instagram.com\/genexbrasil\",\"https:\/\/www.linkedin.com\/company\/genexbrasil\",\"https:\/\/www.facebook.com\/GENEXBrasil\"],\"logo\":{\"@type\":\"ImageObject\",\"inLanguage\":\"pt-BR\",\"@id\":\"https:\/\/genexbrasil.com.br\/blog\/#\/schema\/logo\/image\/\",\"url\":\"http:\/\/genex.novasingular.com.br\/blog\/wp-content\/uploads\/2022\/07\/Logo-Genex-em-vetor.svg\",\"contentUrl\":\"http:\/\/genex.novasingular.com.br\/blog\/wp-content\/uploads\/2022\/07\/Logo-Genex-em-vetor.svg\",\"width\":286,\"height\":60,\"caption\":\"Genex Brasil\"},\"image\":{\"@id\":\"https:\/\/genexbrasil.com.br\/blog\/#\/schema\/logo\/image\/\"}},{\"@type\":\"WebSite\",\"@id\":\"https:\/\/genexbrasil.com.br\/blog\/#website\",\"url\":\"https:\/\/genexbrasil.com.br\/blog\/\",\"name\":\"Genex Brasil - Blog\",\"description\":\"A melhor gen\u00e9tica para o futuro do seu rebanho\",\"publisher\":{\"@id\":\"https:\/\/genexbrasil.com.br\/blog\/#organization\"},\"potentialAction\":[{\"@type\":\"SearchAction\",\"target\":{\"@type\":\"EntryPoint\",\"urlTemplate\":\"https:\/\/genexbrasil.com.br\/blog\/?s={search_term_string}\"},\"query-input\":\"required name=search_term_string\"}],\"inLanguage\":\"pt-BR\"},{\"@type\":\"ImageObject\",\"inLanguage\":\"pt-BR\",\"@id\":\"https:\/\/genexbrasil.com.br\/blog\/genex-anuncia-centro-de-biotecnologia-e-difusao-genetica-em-uberaba-mg\/#primaryimage\",\"url\":\"https:\/\/genexbrasil.com.br\/blog\/wp-content\/uploads\/2022\/08\/centro-biotecnologia.png\",\"contentUrl\":\"https:\/\/genexbrasil.com.br\/blog\/wp-content\/uploads\/2022\/08\/centro-biotecnologia.png\",\"width\":800,\"height\":492,\"caption\":\"GENEX anuncia Centro de Biotecnologia e Difus\u00e3o Gen\u00e9tica em Uberaba (MG)\"},{\"@type\":\"WebPage\",\"@id\":\"https:\/\/genexbrasil.com.br\/blog\/genex-anuncia-centro-de-biotecnologia-e-difusao-genetica-em-uberaba-mg\/#webpage\",\"url\":\"https:\/\/genexbrasil.com.br\/blog\/genex-anuncia-centro-de-biotecnologia-e-difusao-genetica-em-uberaba-mg\/\",\"name\":\"GENEX anuncia Centro de Biotecnologia e Difus\u00e3o Gen\u00e9tica em Uberaba (MG) - Genex Brasil - Blog\",\"isPartOf\":{\"@id\":\"https:\/\/genexbrasil.com.br\/blog\/#website\"},\"primaryImageOfPage\":{\"@id\":\"https:\/\/genexbrasil.com.br\/blog\/genex-anuncia-centro-de-biotecnologia-e-difusao-genetica-em-uberaba-mg\/#primaryimage\"},\"datePublished\":\"2021-12-07T15:27:08+00:00\",\"dateModified\":\"2022-08-05T16:32:49+00:00\",\"description\":\"GENEX anuncia Centro de Biotecnologia e Difus\u00e3o Gen\u00e9tica em Uberaba (MG)\",\"breadcrumb\":{\"@id\":\"https:\/\/genexbrasil.com.br\/blog\/genex-anuncia-centro-de-biotecnologia-e-difusao-genetica-em-uberaba-mg\/#breadcrumb\"},\"inLanguage\":\"pt-BR\",\"potentialAction\":[{\"@type\":\"ReadAction\",\"target\":[\"https:\/\/genexbrasil.com.br\/blog\/genex-anuncia-centro-de-biotecnologia-e-difusao-genetica-em-uberaba-mg\/\"]}]},{\"@type\":\"BreadcrumbList\",\"@id\":\"https:\/\/genexbrasil.com.br\/blog\/genex-anuncia-centro-de-biotecnologia-e-difusao-genetica-em-uberaba-mg\/#breadcrumb\",\"itemListElement\":[{\"@type\":\"ListItem\",\"position\":1,\"name\":\"In\u00edcio\",\"item\":\"https:\/\/genexbrasil.com.br\/blog\/\"},{\"@type\":\"ListItem\",\"position\":2,\"name\":\"GENEX anuncia Centro de Biotecnologia e Difus\u00e3o Gen\u00e9tica em Uberaba (MG)\"}]},{\"@type\":\"Article\",\"@id\":\"https:\/\/genexbrasil.com.br\/blog\/genex-anuncia-centro-de-biotecnologia-e-difusao-genetica-em-uberaba-mg\/#article\",\"isPartOf\":{\"@id\":\"https:\/\/genexbrasil.com.br\/blog\/genex-anuncia-centro-de-biotecnologia-e-difusao-genetica-em-uberaba-mg\/#webpage\"},\"author\":{\"name\":\"Genex Brasil\",\"@id\":\"https:\/\/genexbrasil.com.br\/blog\/#\/schema\/person\/61c64d50ce4bc2af697920be39efd0d9\"},\"headline\":\"GENEX anuncia Centro de Biotecnologia e Difus\u00e3o Gen\u00e9tica em Uberaba (MG)\",\"datePublished\":\"2021-12-07T15:27:08+00:00\",\"dateModified\":\"2022-08-05T16:32:49+00:00\",\"mainEntityOfPage\":{\"@id\":\"https:\/\/genexbrasil.com.br\/blog\/genex-anuncia-centro-de-biotecnologia-e-difusao-genetica-em-uberaba-mg\/#webpage\"},\"wordCount\":775,\"commentCount\":0,\"publisher\":{\"@id\":\"https:\/\/genexbrasil.com.br\/blog\/#organization\"},\"image\":{\"@id\":\"https:\/\/genexbrasil.com.br\/blog\/genex-anuncia-centro-de-biotecnologia-e-difusao-genetica-em-uberaba-mg\/#primaryimage\"},\"thumbnailUrl\":\"https:\/\/genexbrasil.com.br\/blog\/wp-content\/uploads\/2022\/08\/centro-biotecnologia.png\",\"keywords\":[\"#Genex\",\"#genexbrasil\"],\"articleSection\":[\"Not\u00edcias\"],\"inLanguage\":\"pt-BR\",\"potentialAction\":[{\"@type\":\"CommentAction\",\"name\":\"Comment\",\"target\":[\"https:\/\/genexbrasil.com.br\/blog\/genex-anuncia-centro-de-biotecnologia-e-difusao-genetica-em-uberaba-mg\/#respond\"]}]},{\"@type\":\"Person\",\"@id\":\"https:\/\/genexbrasil.com.br\/blog\/#\/schema\/person\/61c64d50ce4bc2af697920be39efd0d9\",\"name\":\"Genex Brasil\",\"image\":{\"@type\":\"ImageObject\",\"inLanguage\":\"pt-BR\",\"@id\":\"https:\/\/genexbrasil.com.br\/blog\/#\/schema\/person\/image\/\",\"url\":\"https:\/\/genexbrasil.com.br\/blog\/wp-content\/uploads\/2022\/07\/genex-avatar-96x96.png\",\"contentUrl\":\"https:\/\/genexbrasil.com.br\/blog\/wp-content\/uploads\/2022\/07\/genex-avatar-96x96.png\",\"caption\":\"Genex Brasil\"},\"url\":\"https:\/\/genexbrasil.com.br\/blog\/author\/genex-brasil\/\"}]}<\/script>\r\n<!-- \/ Yoast SEO plugin. -->","yoast_head_json":{"title":"GENEX anuncia Centro de Biotecnologia e Difus\u00e3o Gen\u00e9tica em Uberaba (MG) - Genex Brasil - Blog","description":"GENEX anuncia Centro de Biotecnologia e Difus\u00e3o Gen\u00e9tica em Uberaba (MG)","robots":{"index":"index","follow":"follow","max-snippet":"max-snippet:-1","max-image-preview":"max-image-preview:large","max-video-preview":"max-video-preview:-1"},"canonical":"https:\/\/genexbrasil.com.br\/blog\/genex-anuncia-centro-de-biotecnologia-e-difusao-genetica-em-uberaba-mg\/","og_locale":"pt_BR","og_type":"article","og_title":"GENEX anuncia Centro de Biotecnologia e Difus\u00e3o Gen\u00e9tica em Uberaba (MG) - Genex Brasil - Blog","og_description":"GENEX anuncia Centro de Biotecnologia e Difus\u00e3o Gen\u00e9tica em Uberaba (MG)","og_url":"https:\/\/genexbrasil.com.br\/blog\/genex-anuncia-centro-de-biotecnologia-e-difusao-genetica-em-uberaba-mg\/","og_site_name":"Genex Brasil - Blog","article_publisher":"https:\/\/www.facebook.com\/GENEXBrasil","article_published_time":"2021-12-07T15:27:08+00:00","article_modified_time":"2022-08-05T16:32:49+00:00","og_image":[{"width":800,"height":492,"url":"https:\/\/genexbrasil.com.br\/blog\/wp-content\/uploads\/2022\/08\/centro-biotecnologia.png","type":"image\/png"}],"author":"Genex Brasil","twitter_card":"summary_large_image","twitter_misc":{"Escrito por":"Genex Brasil","Est. tempo de leitura":"4 minutos"},"schema":{"@context":"https:\/\/schema.org","@graph":[{"@type":"Organization","@id":"https:\/\/genexbrasil.com.br\/blog\/#organization","name":"Genex Brasil","url":"https:\/\/genexbrasil.com.br\/blog\/","sameAs":["https:\/\/www.youtube.com\/c\/GENEXBrasil","https:\/\/www.instagram.com\/genexbrasil","https:\/\/www.linkedin.com\/company\/genexbrasil","https:\/\/www.facebook.com\/GENEXBrasil"],"logo":{"@type":"ImageObject","inLanguage":"pt-BR","@id":"https:\/\/genexbrasil.com.br\/blog\/#\/schema\/logo\/image\/","url":"http:\/\/genex.novasingular.com.br\/blog\/wp-content\/uploads\/2022\/07\/Logo-Genex-em-vetor.svg","contentUrl":"http:\/\/genex.novasingular.com.br\/blog\/wp-content\/uploads\/2022\/07\/Logo-Genex-em-vetor.svg","width":286,"height":60,"caption":"Genex Brasil"},"image":{"@id":"https:\/\/genexbrasil.com.br\/blog\/#\/schema\/logo\/image\/"}},{"@type":"WebSite","@id":"https:\/\/genexbrasil.com.br\/blog\/#website","url":"https:\/\/genexbrasil.com.br\/blog\/","name":"Genex Brasil - Blog","description":"A melhor gen\u00e9tica para o futuro do seu rebanho","publisher":{"@id":"https:\/\/genexbrasil.com.br\/blog\/#organization"},"potentialAction":[{"@type":"SearchAction","target":{"@type":"EntryPoint","urlTemplate":"https:\/\/genexbrasil.com.br\/blog\/?s={search_term_string}"},"query-input":"required name=search_term_string"}],"inLanguage":"pt-BR"},{"@type":"ImageObject","inLanguage":"pt-BR","@id":"https:\/\/genexbrasil.com.br\/blog\/genex-anuncia-centro-de-biotecnologia-e-difusao-genetica-em-uberaba-mg\/#primaryimage","url":"https:\/\/genexbrasil.com.br\/blog\/wp-content\/uploads\/2022\/08\/centro-biotecnologia.png","contentUrl":"https:\/\/genexbrasil.com.br\/blog\/wp-content\/uploads\/2022\/08\/centro-biotecnologia.png","width":800,"height":492,"caption":"GENEX anuncia Centro de Biotecnologia e Difus\u00e3o Gen\u00e9tica em Uberaba (MG)"},{"@type":"WebPage","@id":"https:\/\/genexbrasil.com.br\/blog\/genex-anuncia-centro-de-biotecnologia-e-difusao-genetica-em-uberaba-mg\/#webpage","url":"https:\/\/genexbrasil.com.br\/blog\/genex-anuncia-centro-de-biotecnologia-e-difusao-genetica-em-uberaba-mg\/","name":"GENEX anuncia Centro de Biotecnologia e Difus\u00e3o Gen\u00e9tica em Uberaba (MG) - Genex Brasil - Blog","isPartOf":{"@id":"https:\/\/genexbrasil.com.br\/blog\/#website"},"primaryImageOfPage":{"@id":"https:\/\/genexbrasil.com.br\/blog\/genex-anuncia-centro-de-biotecnologia-e-difusao-genetica-em-uberaba-mg\/#primaryimage"},"datePublished":"2021-12-07T15:27:08+00:00","dateModified":"2022-08-05T16:32:49+00:00","description":"GENEX anuncia Centro de Biotecnologia e Difus\u00e3o Gen\u00e9tica em Uberaba (MG)","breadcrumb":{"@id":"https:\/\/genexbrasil.com.br\/blog\/genex-anuncia-centro-de-biotecnologia-e-difusao-genetica-em-uberaba-mg\/#breadcrumb"},"inLanguage":"pt-BR","potentialAction":[{"@type":"ReadAction","target":["https:\/\/genexbrasil.com.br\/blog\/genex-anuncia-centro-de-biotecnologia-e-difusao-genetica-em-uberaba-mg\/"]}]},{"@type":"BreadcrumbList","@id":"https:\/\/genexbrasil.com.br\/blog\/genex-anuncia-centro-de-biotecnologia-e-difusao-genetica-em-uberaba-mg\/#breadcrumb","itemListElement":[{"@type":"ListItem","position":1,"name":"In\u00edcio","item":"https:\/\/genexbrasil.com.br\/blog\/"},{"@type":"ListItem","position":2,"name":"GENEX anuncia Centro de Biotecnologia e Difus\u00e3o Gen\u00e9tica em Uberaba (MG)"}]},{"@type":"Article","@id":"https:\/\/genexbrasil.com.br\/blog\/genex-anuncia-centro-de-biotecnologia-e-difusao-genetica-em-uberaba-mg\/#article","isPartOf":{"@id":"https:\/\/genexbrasil.com.br\/blog\/genex-anuncia-centro-de-biotecnologia-e-difusao-genetica-em-uberaba-mg\/#webpage"},"author":{"name":"Genex Brasil","@id":"https:\/\/genexbrasil.com.br\/blog\/#\/schema\/person\/61c64d50ce4bc2af697920be39efd0d9"},"headline":"GENEX anuncia Centro de Biotecnologia e Difus\u00e3o Gen\u00e9tica em Uberaba (MG)","datePublished":"2021-12-07T15:27:08+00:00","dateModified":"2022-08-05T16:32:49+00:00","mainEntityOfPage":{"@id":"https:\/\/genexbrasil.com.br\/blog\/genex-anuncia-centro-de-biotecnologia-e-difusao-genetica-em-uberaba-mg\/#webpage"},"wordCount":775,"commentCount":0,"publisher":{"@id":"https:\/\/genexbrasil.com.br\/blog\/#organization"},"image":{"@id":"https:\/\/genexbrasil.com.br\/blog\/genex-anuncia-centro-de-biotecnologia-e-difusao-genetica-em-uberaba-mg\/#primaryimage"},"thumbnailUrl":"https:\/\/genexbrasil.com.br\/blog\/wp-content\/uploads\/2022\/08\/centro-biotecnologia.png","keywords":["#Genex","#genexbrasil"],"articleSection":["Not\u00edcias"],"inLanguage":"pt-BR","potentialAction":[{"@type":"CommentAction","name":"Comment","target":["https:\/\/genexbrasil.com.br\/blog\/genex-anuncia-centro-de-biotecnologia-e-difusao-genetica-em-uberaba-mg\/#respond"]}]},{"@type":"Person","@id":"https:\/\/genexbrasil.com.br\/blog\/#\/schema\/person\/61c64d50ce4bc2af697920be39efd0d9","name":"Genex Brasil","image":{"@type":"ImageObject","inLanguage":"pt-BR","@id":"https:\/\/genexbrasil.com.br\/blog\/#\/schema\/person\/image\/","url":"https:\/\/genexbrasil.com.br\/blog\/wp-content\/uploads\/2022\/07\/genex-avatar-96x96.png","contentUrl":"https:\/\/genexbrasil.com.br\/blog\/wp-content\/uploads\/2022\/07\/genex-avatar-96x96.png","caption":"Genex Brasil"},"url":"https:\/\/genexbrasil.com.br\/blog\/author\/genex-brasil\/"}]}},"_links":{"self":[{"href":"https:\/\/genexbrasil.com.br\/blog\/wp-json\/wp\/v2\/posts\/179"}],"collection":[{"href":"https:\/\/genexbrasil.com.br\/blog\/wp-json\/wp\/v2\/posts"}],"about":[{"href":"https:\/\/genexbrasil.com.br\/blog\/wp-json\/wp\/v2\/types\/post"}],"author":[{"embeddable":true,"href":"https:\/\/genexbrasil.com.br\/blog\/wp-json\/wp\/v2\/users\/3"}],"replies":[{"embeddable":true,"href":"https:\/\/genexbrasil.com.br\/blog\/wp-json\/wp\/v2\/comments?post=179"}],"version-history":[{"count":1,"href":"https:\/\/genexbrasil.com.br\/blog\/wp-json\/wp\/v2\/posts\/179\/revisions"}],"predecessor-version":[{"id":181,"href":"https:\/\/genexbrasil.com.br\/blog\/wp-json\/wp\/v2\/posts\/179\/revisions\/181"}],"wp:featuredmedia":[{"embeddable":true,"href":"https:\/\/genexbrasil.com.br\/blog\/wp-json\/wp\/v2\/media\/180"}],"wp:attachment":[{"href":"https:\/\/genexbrasil.com.br\/blog\/wp-json\/wp\/v2\/media?parent=179"}],"wp:term":[{"taxonomy":"category","embeddable":true,"href":"https:\/\/genexbrasil.com.br\/blog\/wp-json\/wp\/v2\/categories?post=179"},{"taxonomy":"post_tag","embeddable":true,"href":"https:\/\/genexbrasil.com.br\/blog\/wp-json\/wp\/v2\/tags?post=179"}],"curies":[{"name":"wp","href":"https:\/\/api.w.org\/{rel}","templated":true}]}}